{"id":7342,"date":"2012-03-27T19:00:05","date_gmt":"2012-03-27T23:00:05","guid":{"rendered":"http:\/\/www.yungayino.cl\/noticias\/?p=7342"},"modified":"2012-03-27T23:02:39","modified_gmt":"2012-03-28T03:02:39","slug":"agrupacion-folclorica-%e2%80%9ccantares-de-yungay%e2%80%9d-realizo-presentaciones-en-campanario-y-yungay","status":"publish","type":"post","link":"https:\/\/www.yungayino.cl\/noticias\/?p=7342","title":{"rendered":"Agrupaci\u00f3n Folcl\u00f3rica \u201cCantares de Yungay\u201d realizo Presentaciones en Campanario y Yungay"},"content":{"rendered":"<p><img loading=\"lazy\" decoding=\"async\" src=\"http:\/\/www.yungayino.cl\/imagenes\/cantares20120325.jpg\" alt=\"YUNGAYINO.CL - EL PORTAL DE YUNGAY\" width=\"500\" height=\"200\" \/><\/p>\n<p><span style=\"font-family: arial,helvetica,sans-serif;\"><span style=\"font-size: small;\">Yungay, una destacada presentaci\u00f3n tuvo el pasado viernes 23 y s\u00e1bado 24 de Marzo la Agrupaci\u00f3n Folcl\u00f3rica \u201c<strong>Cantares de Yungay\u201d <\/strong>en Campanario y Yungay. La  Agrupaci\u00f3n yungayina deleito al p\u00fablico presente, quienes realizaron una muestra de cantos y danzas de la zona central y sur de Chile, todo esto en el marco de su proyecto cultural titulado \u201cCANTARES: EDUCA, CANTA Y DANZA\u201d, financiado con la Subvenci\u00f3n Cultural F.N.D.R. 2011, del Gobierno Regional del B\u00edo-B\u00edo. Cabe destacar que el trabajo de la Agrupaci\u00f3n Folcl\u00f3rica \u201c<strong>Cantares de Yungay\u201d <\/strong>se ha caracterizado por fomentar un espect\u00e1culo lleno de colorido y recopilaci\u00f3n de bailes y m\u00fasica de la zona central y sur de nuestro pa\u00eds, lo que permite entregar una presentaci\u00f3n entretenida e incentivar el conocimiento de nuestra amplia cultura. Finalmente mencionar que en ambas presentaci\u00f3n fueron aplaudidos y ovacionados por el p\u00fablico presente.<\/span><\/span><\/p>\n<p><a href=\"http:\/\/www.facebook.com\/media\/set\/?set=a.414541721894206.115758.159561284058919&amp;type=1\"><span style=\"font-family: arial,helvetica,sans-serif;\"><span style=\"font-size: small;\">Fotograf\u00edas en Campanario<\/span><\/span><\/a><\/p>\n<p><a href=\"http:\/\/www.facebook.com\/media\/set\/?set=a.414573241891054.115769.159561284058919&amp;type=1\"><span style=\"font-family: arial,helvetica,sans-serif;\"><span style=\"font-size: small;\">Fotograf\u00edas en Yungay<\/span><\/span><\/a><\/p>\n<p><object classid=\"clsid:d27cdb6e-ae6d-11cf-96b8-444553540000\" width=\"425\" height=\"350\" codebase=\"http:\/\/download.macromedia.com\/pub\/shockwave\/cabs\/flash\/swflash.cab#version=6,0,40,0\"><param name=\"src\" value=\"http:\/\/www.youtube.com\/v\/L5S7pJVfLes&amp;feature\" \/><embed type=\"application\/x-shockwave-flash\" width=\"425\" height=\"350\" src=\"http:\/\/www.youtube.com\/v\/L5S7pJVfLes&amp;feature\"><\/embed><\/object><\/p>\n","protected":false},"excerpt":{"rendered":"<p>Yungay, una destacada presentaci\u00f3n tuvo el pasado viernes 23 y s\u00e1bado 24 de Marzo la Agrupaci\u00f3n Folcl\u00f3rica \u201cCantares de Yungay\u201d en Campanario y Yungay. La Agrupaci\u00f3n yungayina deleito al p\u00fablico presente, quienes realizaron una&#46;&#46;&#46;<\/p>\n","protected":false},"author":2,"featured_media":15876,"comment_status":"open","ping_status":"open","sticky":false,"template":"","format":"standard","meta":{"footnotes":""},"categories":[1],"tags":[31,335,1115,8,6],"class_list":["post-7342","post","type-post","status-publish","format-standard","has-post-thumbnail","hentry","category-noticias","tag-campanario","tag-cantares","tag-noticias","tag-yungay","tag-yungayino"],"_links":{"self":[{"href":"https:\/\/www.yungayino.cl\/noticias\/index.php?rest_route=\/wp\/v2\/posts\/7342","targetHints":{"allow":["GET"]}}],"collection":[{"href":"https:\/\/www.yungayino.cl\/noticias\/index.php?rest_route=\/wp\/v2\/posts"}],"about":[{"href":"https:\/\/www.yungayino.cl\/noticias\/index.php?rest_route=\/wp\/v2\/types\/post"}],"author":[{"embeddable":true,"href":"https:\/\/www.yungayino.cl\/noticias\/index.php?rest_route=\/wp\/v2\/users\/2"}],"replies":[{"embeddable":true,"href":"https:\/\/www.yungayino.cl\/noticias\/index.php?rest_route=%2Fwp%2Fv2%2Fcomments&post=7342"}],"version-history":[{"count":10,"href":"https:\/\/www.yungayino.cl\/noticias\/index.php?rest_route=\/wp\/v2\/posts\/7342\/revisions"}],"predecessor-version":[{"id":7350,"href":"https:\/\/www.yungayino.cl\/noticias\/index.php?rest_route=\/wp\/v2\/posts\/7342\/revisions\/7350"}],"wp:featuredmedia":[{"embeddable":true,"href":"https:\/\/www.yungayino.cl\/noticias\/index.php?rest_route=\/wp\/v2\/media\/15876"}],"wp:attachment":[{"href":"https:\/\/www.yungayino.cl\/noticias\/index.php?rest_route=%2Fwp%2Fv2%2Fmedia&parent=7342"}],"wp:term":[{"taxonomy":"category","embeddable":true,"href":"https:\/\/www.yungayino.cl\/noticias\/index.php?rest_route=%2Fwp%2Fv2%2Fcategories&post=7342"},{"taxonomy":"post_tag","embeddable":true,"href":"https:\/\/www.yungayino.cl\/noticias\/index.php?rest_route=%2Fwp%2Fv2%2Ftags&post=7342"}],"curies":[{"name":"wp","href":"https:\/\/api.w.org\/{rel}","templated":true}]}}