{"id":7382,"date":"2012-04-01T23:00:31","date_gmt":"2012-04-02T03:00:31","guid":{"rendered":"http:\/\/www.yungayino.cl\/noticias\/?p=7382"},"modified":"2012-04-01T23:10:01","modified_gmt":"2012-04-02T03:10:01","slug":"comunidad-catolica-inicia-semana-santa-con-domingo-de-ramos","status":"publish","type":"post","link":"https:\/\/www.yungayino.cl\/noticias\/?p=7382","title":{"rendered":"Comunidad Cat\u00f3lica Inicia Semana Santa con Domingo de Ramos"},"content":{"rendered":"<p><img loading=\"lazy\" decoding=\"async\" src=\"http:\/\/www.yungayino.cl\/imagenes\/ramos2012.jpg\" alt=\"YUNGAYINO.CL - EL PORTAL DE YUNGAY\" width=\"500\" height=\"200\" \/><\/p>\n<p><span style=\"font-family: arial,helvetica,sans-serif;\"><span style=\"font-size: small;\">Yungay, 01 de abril con celebraciones lit\u00fargicas, retiros, jornadas de reflexi\u00f3n y el tradicional Domingo de Ramos la Comunidad Cat\u00f3lica de Yungay y alrededores se preparan para vivir Semana Santa. Por su parte la comunidad de Cholgu\u00e1n realizo una procesi\u00f3n y bendici\u00f3n de ramos desde la Gruta de la Virgen del Carmen la que fue encabezada por el P\u00e1rroco Nelson Jara hasta la Capilla  Inmaculada Concepci\u00f3n. Cabe mencionar que Semana Santa celebra el misterio central de nuestra fe: la muerte y resurrecci\u00f3n de Nuestro Se\u00f1or Jesucristo, finalmente el padre Nelson hizo la siguiente invitaci\u00f3n a toda la comunidad cristiana \u201cvivir estos d\u00edas con recogimiento, esp\u00edritu de fe y una actitud de conversi\u00f3n del coraz\u00f3n y a participar de esta Semana Santa que llevara a cabo sus actividades en la Parroquia San Miguel de Yungay\u201d.<\/span><\/span><\/p>\n","protected":false},"excerpt":{"rendered":"<p>Yungay, 01 de abril con celebraciones lit\u00fargicas, retiros, jornadas de reflexi\u00f3n y el tradicional Domingo de Ramos la Comunidad Cat\u00f3lica de Yungay y alrededores se preparan para vivir Semana Santa. Por su parte la&#46;&#46;&#46;<\/p>\n","protected":false},"author":2,"featured_media":15881,"comment_status":"open","ping_status":"open","sticky":false,"template":"","format":"standard","meta":{"footnotes":""},"categories":[1],"tags":[35,470,1115,8,6],"class_list":["post-7382","post","type-post","status-publish","format-standard","has-post-thumbnail","hentry","category-noticias","tag-cholguan","tag-domingo-de-ramos","tag-noticias","tag-yungay","tag-yungayino"],"_links":{"self":[{"href":"https:\/\/www.yungayino.cl\/noticias\/index.php?rest_route=\/wp\/v2\/posts\/7382","targetHints":{"allow":["GET"]}}],"collection":[{"href":"https:\/\/www.yungayino.cl\/noticias\/index.php?rest_route=\/wp\/v2\/posts"}],"about":[{"href":"https:\/\/www.yungayino.cl\/noticias\/index.php?rest_route=\/wp\/v2\/types\/post"}],"author":[{"embeddable":true,"href":"https:\/\/www.yungayino.cl\/noticias\/index.php?rest_route=\/wp\/v2\/users\/2"}],"replies":[{"embeddable":true,"href":"https:\/\/www.yungayino.cl\/noticias\/index.php?rest_route=%2Fwp%2Fv2%2Fcomments&post=7382"}],"version-history":[{"count":3,"href":"https:\/\/www.yungayino.cl\/noticias\/index.php?rest_route=\/wp\/v2\/posts\/7382\/revisions"}],"predecessor-version":[{"id":7385,"href":"https:\/\/www.yungayino.cl\/noticias\/index.php?rest_route=\/wp\/v2\/posts\/7382\/revisions\/7385"}],"wp:featuredmedia":[{"embeddable":true,"href":"https:\/\/www.yungayino.cl\/noticias\/index.php?rest_route=\/wp\/v2\/media\/15881"}],"wp:attachment":[{"href":"https:\/\/www.yungayino.cl\/noticias\/index.php?rest_route=%2Fwp%2Fv2%2Fmedia&parent=7382"}],"wp:term":[{"taxonomy":"category","embeddable":true,"href":"https:\/\/www.yungayino.cl\/noticias\/index.php?rest_route=%2Fwp%2Fv2%2Fcategories&post=7382"},{"taxonomy":"post_tag","embeddable":true,"href":"https:\/\/www.yungayino.cl\/noticias\/index.php?rest_route=%2Fwp%2Fv2%2Ftags&post=7382"}],"curies":[{"name":"wp","href":"https:\/\/api.w.org\/{rel}","templated":true}]}}