{"id":7390,"date":"2012-04-04T21:00:29","date_gmt":"2012-04-05T01:00:29","guid":{"rendered":"http:\/\/www.yungayino.cl\/noticias\/?p=7390"},"modified":"2012-04-04T21:10:41","modified_gmt":"2012-04-05T01:10:41","slug":"en-yungay-se-realizo-ii-jornada-tecnologica-comunal","status":"publish","type":"post","link":"https:\/\/www.yungayino.cl\/noticias\/?p=7390","title":{"rendered":"En Yungay se Realizo II Jornada Tecnol\u00f3gica Comunal"},"content":{"rendered":"<p><img decoding=\"async\" src=\"http:\/\/www.yungayino.cl\/imagenes\/tecnologia.jpg\" alt=\"YUNGAYINO.CL - EL PORTAL DE YUNGAY\" \/><\/p>\n<p><span style=\"font-family: arial,helvetica,sans-serif;\"><span style=\"font-size: small;\">Yungay, con la presencia del alcalde Pedro Inostroza, se realiz\u00f3 el pasado viernes 30 de marzo la   II Jornada Tecnol\u00f3gica Comunal. La iniciativa organizada por el municipio en conjunto con el Departamento de Administraci\u00f3n de Educaci\u00f3n Municipal (DAEM) liderada por su Jefa la Se\u00f1ora Eugenia L\u00f3pez para impulsar el desarrollo tecnol\u00f3gico en nuestra comuna, la cu\u00e1l se llevo a cabo en el auditorio de la nueva biblioteca p\u00fablica. En esta ocasi\u00f3n expusieron el Centro de Educaci\u00f3n y Tecnolog\u00eda de la  Universidad de Concepci\u00f3n, EXPEX Soluciones Tecnol\u00f3gicas y MYP Ltda. Empresa dirigida a la inform\u00e1tica y seguridad. Finalmente la jornada termino con una presentaci\u00f3n de stands tecnol\u00f3gicos de las empresas expositoras y un c\u00f3ctel.<\/span><\/span><\/p>\n<p><a href=\"http:\/\/www.facebook.com\/media\/set\/?set=a.420066168008428.116918.159561284058919&amp;type=1\"><span style=\"font-family: arial,helvetica,sans-serif;\"><span style=\"font-size: small;\">Fotograf\u00edas<\/span><\/span><\/a><\/p>\n","protected":false},"excerpt":{"rendered":"<p>Yungay, con la presencia del alcalde Pedro Inostroza, se realiz\u00f3 el pasado viernes 30 de marzo la II Jornada Tecnol\u00f3gica Comunal. La iniciativa organizada por el municipio en conjunto con el Departamento de Administraci\u00f3n&#46;&#46;&#46;<\/p>\n","protected":false},"author":2,"featured_media":15883,"comment_status":"open","ping_status":"open","sticky":false,"template":"","format":"standard","meta":{"footnotes":""},"categories":[1],"tags":[1115,8,6],"class_list":["post-7390","post","type-post","status-publish","format-standard","has-post-thumbnail","hentry","category-noticias","tag-noticias","tag-yungay","tag-yungayino"],"_links":{"self":[{"href":"https:\/\/www.yungayino.cl\/noticias\/index.php?rest_route=\/wp\/v2\/posts\/7390","targetHints":{"allow":["GET"]}}],"collection":[{"href":"https:\/\/www.yungayino.cl\/noticias\/index.php?rest_route=\/wp\/v2\/posts"}],"about":[{"href":"https:\/\/www.yungayino.cl\/noticias\/index.php?rest_route=\/wp\/v2\/types\/post"}],"author":[{"embeddable":true,"href":"https:\/\/www.yungayino.cl\/noticias\/index.php?rest_route=\/wp\/v2\/users\/2"}],"replies":[{"embeddable":true,"href":"https:\/\/www.yungayino.cl\/noticias\/index.php?rest_route=%2Fwp%2Fv2%2Fcomments&post=7390"}],"version-history":[{"count":5,"href":"https:\/\/www.yungayino.cl\/noticias\/index.php?rest_route=\/wp\/v2\/posts\/7390\/revisions"}],"predecessor-version":[{"id":7395,"href":"https:\/\/www.yungayino.cl\/noticias\/index.php?rest_route=\/wp\/v2\/posts\/7390\/revisions\/7395"}],"wp:featuredmedia":[{"embeddable":true,"href":"https:\/\/www.yungayino.cl\/noticias\/index.php?rest_route=\/wp\/v2\/media\/15883"}],"wp:attachment":[{"href":"https:\/\/www.yungayino.cl\/noticias\/index.php?rest_route=%2Fwp%2Fv2%2Fmedia&parent=7390"}],"wp:term":[{"taxonomy":"category","embeddable":true,"href":"https:\/\/www.yungayino.cl\/noticias\/index.php?rest_route=%2Fwp%2Fv2%2Fcategories&post=7390"},{"taxonomy":"post_tag","embeddable":true,"href":"https:\/\/www.yungayino.cl\/noticias\/index.php?rest_route=%2Fwp%2Fv2%2Ftags&post=7390"}],"curies":[{"name":"wp","href":"https:\/\/api.w.org\/{rel}","templated":true}]}}