{"id":7439,"date":"2012-04-15T18:00:31","date_gmt":"2012-04-15T22:00:31","guid":{"rendered":"http:\/\/www.yungayino.cl\/noticias\/?p=7439"},"modified":"2012-04-15T20:34:04","modified_gmt":"2012-04-16T00:34:04","slug":"yungay-inaugurara-una-moderna-sala-de-cuna-y-jardin-infantil","status":"publish","type":"post","link":"https:\/\/www.yungayino.cl\/noticias\/?p=7439","title":{"rendered":"Yungay Inaugurara una Moderna Sala de Cuna y Jard\u00edn Infantil"},"content":{"rendered":"<p><img loading=\"lazy\" decoding=\"async\" src=\"http:\/\/www.yungayino.cl\/imagenes\/jardinestadio.jpg\" alt=\"YUNGAYINO.CL - EL PORTAL DE YUNGAY\" width=\"500\" height=\"200\" \/><\/p>\n<p><span style=\"font-family: arial,helvetica,sans-serif;\"><span style=\"font-size: small;\">Yungay, el pr\u00f3ximo jueves 26 de abril se inaugurara en nuestra comuna una Moderna Sala Cuna y Jard\u00edn Infantil que se llamara \u201cParque Estadio\u201d y que se construyo con el objetivo de mejorar la educaci\u00f3n desde la cuna, para que todos los ni\u00f1os de nuestra comuna puedan tener m\u00e1s y mejores oportunidades desde la infancia. El moderno centro tuvo una inversi\u00f3n de $168.750.000 y posee un dise\u00f1o e implementaci\u00f3n de lujo lo que permitir\u00e1 atender aproximadamente a 90 ni\u00f1os y dejar muy contentas a las mamas beneficiadas, ya que les permite trabajar tranquilas, sabiendo que sus hijos est\u00e1n siendo bien atendidos, pues reciben todos sus alimentos, son estimulados y entretenidos por educadoras altamente calificadas. Cabe mencionar que el nuevo establecimiento comenz\u00f3 sus actividades el pasado lunes 26 de marzo con la atenci\u00f3n de los primeros bebes y ni\u00f1os.<\/span><\/span><\/p>\n<p><a href=\"http:\/\/www.facebook.com\/media\/set\/?set=a.428149423866769.118670.159561284058919&amp;type=1\"><span style=\"font-family: arial,helvetica,sans-serif;\"><span style=\"font-size: small;\">Fotograf\u00edas<\/span><\/span><\/a><\/p>\n","protected":false},"excerpt":{"rendered":"<p>Yungay, el pr\u00f3ximo jueves 26 de abril se inaugurara en nuestra comuna una Moderna Sala Cuna y Jard\u00edn Infantil que se llamara \u201cParque Estadio\u201d y que se construyo con el objetivo de mejorar la&#46;&#46;&#46;<\/p>\n","protected":false},"author":2,"featured_media":15892,"comment_status":"open","ping_status":"open","sticky":false,"template":"","format":"standard","meta":{"footnotes":""},"categories":[1],"tags":[480,1115,479,8,6],"class_list":["post-7439","post","type-post","status-publish","format-standard","has-post-thumbnail","hentry","category-noticias","tag-jardin-infantil-parque-estadio","tag-noticias","tag-parque-estadio","tag-yungay","tag-yungayino"],"_links":{"self":[{"href":"https:\/\/www.yungayino.cl\/noticias\/index.php?rest_route=\/wp\/v2\/posts\/7439","targetHints":{"allow":["GET"]}}],"collection":[{"href":"https:\/\/www.yungayino.cl\/noticias\/index.php?rest_route=\/wp\/v2\/posts"}],"about":[{"href":"https:\/\/www.yungayino.cl\/noticias\/index.php?rest_route=\/wp\/v2\/types\/post"}],"author":[{"embeddable":true,"href":"https:\/\/www.yungayino.cl\/noticias\/index.php?rest_route=\/wp\/v2\/users\/2"}],"replies":[{"embeddable":true,"href":"https:\/\/www.yungayino.cl\/noticias\/index.php?rest_route=%2Fwp%2Fv2%2Fcomments&post=7439"}],"version-history":[{"count":4,"href":"https:\/\/www.yungayino.cl\/noticias\/index.php?rest_route=\/wp\/v2\/posts\/7439\/revisions"}],"predecessor-version":[{"id":7443,"href":"https:\/\/www.yungayino.cl\/noticias\/index.php?rest_route=\/wp\/v2\/posts\/7439\/revisions\/7443"}],"wp:featuredmedia":[{"embeddable":true,"href":"https:\/\/www.yungayino.cl\/noticias\/index.php?rest_route=\/wp\/v2\/media\/15892"}],"wp:attachment":[{"href":"https:\/\/www.yungayino.cl\/noticias\/index.php?rest_route=%2Fwp%2Fv2%2Fmedia&parent=7439"}],"wp:term":[{"taxonomy":"category","embeddable":true,"href":"https:\/\/www.yungayino.cl\/noticias\/index.php?rest_route=%2Fwp%2Fv2%2Fcategories&post=7439"},{"taxonomy":"post_tag","embeddable":true,"href":"https:\/\/www.yungayino.cl\/noticias\/index.php?rest_route=%2Fwp%2Fv2%2Ftags&post=7439"}],"curies":[{"name":"wp","href":"https:\/\/api.w.org\/{rel}","templated":true}]}}