{"id":7449,"date":"2012-04-19T18:00:58","date_gmt":"2012-04-19T22:00:58","guid":{"rendered":"http:\/\/www.yungayino.cl\/noticias\/?p=7449"},"modified":"2012-04-19T19:10:10","modified_gmt":"2012-04-19T23:10:10","slug":"en-yungay-inauguran-%e2%80%9cprimera-feria-agro-forestal%e2%80%9d","status":"publish","type":"post","link":"https:\/\/www.yungayino.cl\/noticias\/?p=7449","title":{"rendered":"En Yungay Inauguran \u201cPrimera Feria Agro Forestal\u201d"},"content":{"rendered":"<p><img loading=\"lazy\" decoding=\"async\" src=\"http:\/\/www.yungayino.cl\/imagenes\/feriaagroforestal2012.jpg\" alt=\"YUNGAYINO.CL - EL PORTAL DE YUNGAY\" width=\"500\" height=\"200\" \/><\/p>\n<p><span style=\"font-family: arial,helvetica,sans-serif;\"><span style=\"font-size: small;\">Yungay jueves 19 de abril, con la presencia del alcalde Pedro Inostroza, senador V\u00edctor Perez Varela, Director Regional de INDAP Fernando Acosta, Gerente de la Planta Paneles Arauco Trup\u00e1n Cholgu\u00e1n Patricio Osses, Jefa \u00c1rea INDAP Yungay Ivonne Astroza, Subgerente de Banco Estado Empresa, Oscar Sanhueza, \u00a0representantes del consejo municipal, expositores y p\u00fablico asistente se dio inicio a la ceremonia de inauguraci\u00f3n de la \u201cPrimera Feria Agro Forestal\u201d de la comuna de Yungay ubicada en la Plaza Iquique. La feria se extender\u00e1 por dos d\u00edas donde expositores presentaran una gran variedad de marcas de maquinarias agr\u00edcolas, insumos, productos y servicios adem\u00e1s estar\u00e1n presentes Prodesal Yungay y algunos stands espec\u00edficos de agricultores y artesanos de nuestra comuna, para el cierre del d\u00eda viernes se contara con la presentaci\u00f3n art\u00edstica de Tito Fern\u00e1ndez, \u201c<strong>El<\/strong> <strong>Temucano\u201d <\/strong>a las 19:30 horas. En la ceremonia se realizo un reconocimiento a Jos\u00e9 Leopoldo Herrera como destacado emprendedor microempresario de nuestra comuna. Durante las jornadas se realizaran charlas informativas audiovisuales, las cuales se desarrollaran en el edificio de la Biblioteca Municipal. El alcalde Pedro Inostroza manifest\u00f3 al Portal Yungayino.cl que el objetivo de esta feria es acercar a la comunidad a tecnolog\u00edas de punta y herramientas de trabajo que se encuentran disponibles en el mercado nacional y que tambi\u00e9n pretende orientarlos en l\u00edneas de financiamiento la que estar\u00e1n a cargo del Banco del Estado Empresa. Finalmente al t\u00e9rmino de la ceremonia las autoridades presentes realizaron el tradicional corte de cinta tricolor, con cuyo acto se dio por inaugurada la \u201cPrimera Feria Agro Forestal\u201d de Yungay.<\/span><\/span><\/p>\n<p><a href=\"http:\/\/www.facebook.com\/media\/set\/?set=a.435237899824588.119279.159561284058919&amp;type=1\"><span style=\"font-family: arial,helvetica,sans-serif;\"><span style=\"font-size: small;\">Fotograf\u00edas<\/span><\/span><\/a><\/p>\n<p><a href=\"http:\/\/www.yungayino.cl\/noticias\/?p=7449#comments\"><span style=\"font-family: arial,helvetica,sans-serif;\"><span style=\"font-size: small;\">Comente Aqu\u00ed<\/span><\/span><\/a><\/p>\n","protected":false},"excerpt":{"rendered":"<p>Yungay jueves 19 de abril, con la presencia del alcalde Pedro Inostroza, senador V\u00edctor Perez Varela, Director Regional de INDAP Fernando Acosta, Gerente de la Planta Paneles Arauco Trup\u00e1n Cholgu\u00e1n Patricio Osses, Jefa \u00c1rea&#46;&#46;&#46;<\/p>\n","protected":false},"author":2,"featured_media":15894,"comment_status":"open","ping_status":"open","sticky":false,"template":"","format":"standard","meta":{"footnotes":""},"categories":[1],"tags":[481,1115,8,6],"class_list":["post-7449","post","type-post","status-publish","format-standard","has-post-thumbnail","hentry","category-noticias","tag-feria-agro-forestal","tag-noticias","tag-yungay","tag-yungayino"],"_links":{"self":[{"href":"https:\/\/www.yungayino.cl\/noticias\/index.php?rest_route=\/wp\/v2\/posts\/7449","targetHints":{"allow":["GET"]}}],"collection":[{"href":"https:\/\/www.yungayino.cl\/noticias\/index.php?rest_route=\/wp\/v2\/posts"}],"about":[{"href":"https:\/\/www.yungayino.cl\/noticias\/index.php?rest_route=\/wp\/v2\/types\/post"}],"author":[{"embeddable":true,"href":"https:\/\/www.yungayino.cl\/noticias\/index.php?rest_route=\/wp\/v2\/users\/2"}],"replies":[{"embeddable":true,"href":"https:\/\/www.yungayino.cl\/noticias\/index.php?rest_route=%2Fwp%2Fv2%2Fcomments&post=7449"}],"version-history":[{"count":5,"href":"https:\/\/www.yungayino.cl\/noticias\/index.php?rest_route=\/wp\/v2\/posts\/7449\/revisions"}],"predecessor-version":[{"id":7454,"href":"https:\/\/www.yungayino.cl\/noticias\/index.php?rest_route=\/wp\/v2\/posts\/7449\/revisions\/7454"}],"wp:featuredmedia":[{"embeddable":true,"href":"https:\/\/www.yungayino.cl\/noticias\/index.php?rest_route=\/wp\/v2\/media\/15894"}],"wp:attachment":[{"href":"https:\/\/www.yungayino.cl\/noticias\/index.php?rest_route=%2Fwp%2Fv2%2Fmedia&parent=7449"}],"wp:term":[{"taxonomy":"category","embeddable":true,"href":"https:\/\/www.yungayino.cl\/noticias\/index.php?rest_route=%2Fwp%2Fv2%2Fcategories&post=7449"},{"taxonomy":"post_tag","embeddable":true,"href":"https:\/\/www.yungayino.cl\/noticias\/index.php?rest_route=%2Fwp%2Fv2%2Ftags&post=7449"}],"curies":[{"name":"wp","href":"https:\/\/api.w.org\/{rel}","templated":true}]}}