{"id":7478,"date":"2012-04-24T13:00:40","date_gmt":"2012-04-24T17:00:40","guid":{"rendered":"http:\/\/www.yungayino.cl\/noticias\/?p=7478"},"modified":"2012-04-24T19:41:13","modified_gmt":"2012-04-24T23:41:13","slug":"yungay-celebro-%e2%80%9cdia-internacional-del-libro%e2%80%9d","status":"publish","type":"post","link":"https:\/\/www.yungayino.cl\/noticias\/?p=7478","title":{"rendered":"Yungay Celebro \u201cD\u00eda Internacional del Libro\u201d"},"content":{"rendered":"<p><img loading=\"lazy\" decoding=\"async\" src=\"http:\/\/www.yungayino.cl\/imagenes\/dialibrodaem.jpg\" alt=\"YUNGAYINO.CL - EL PORTAL DE YUNGAY\" width=\"500\" height=\"200\" \/><\/p>\n<p><span style=\"font-family: arial,helvetica,sans-serif;\"><span style=\"font-size: small;\">Yungay, el Departamento de Administraci\u00f3n de Educaci\u00f3n Municipal (DAEM) liderada por su Jefa la Se\u00f1ora Eugenia L\u00f3pez realizo un acto que se llevo a cabo en las instalaciones de la Biblioteca P\u00fablica para celebrar el \u201cD\u00eda Internacional del Libro\u201d y as\u00ed estimular principalmente el gusto por la lectura. El acto cont\u00f3 con la presencia del alcalde Pedro Inostroza, los concejales Jos\u00e9 Miguel Navarrete y Juana Sandoval, Directores de los diferentes establecimientos educacionales, Representante de la\u00a0  Fundaci\u00f3n Arauco, autoridades locales y publico en general. En la oportunidad el Profesor Zoilo Irarrzaval intervino sobre la importancia del libro. Y la escritora yungayina Se\u00f1ora Clementina Velazquez ley\u00f3 poemas de su autor\u00eda a los presentes. Finalizado el acto se hizo un recorrido por la exposici\u00f3n de libros y se comparti\u00f3 un coctel.<\/span><\/span><\/p>\n<p><a href=\"http:\/\/www.facebook.com\/media\/set\/?set=a.439116796103365.120049.159561284058919&amp;type=1\"><span style=\"font-family: arial,helvetica,sans-serif;\"><span style=\"font-size: small;\">Fotograf\u00edas<\/span><\/span><\/a><\/p>\n","protected":false},"excerpt":{"rendered":"<p>Yungay, el Departamento de Administraci\u00f3n de Educaci\u00f3n Municipal (DAEM) liderada por su Jefa la Se\u00f1ora Eugenia L\u00f3pez realizo un acto que se llevo a cabo en las instalaciones de la Biblioteca P\u00fablica para celebrar&#46;&#46;&#46;<\/p>\n","protected":false},"author":2,"featured_media":15900,"comment_status":"open","ping_status":"open","sticky":false,"template":"","format":"standard","meta":{"footnotes":""},"categories":[1],"tags":[484,1115,8,6],"class_list":["post-7478","post","type-post","status-publish","format-standard","has-post-thumbnail","hentry","category-noticias","tag-dia-del-libro","tag-noticias","tag-yungay","tag-yungayino"],"_links":{"self":[{"href":"https:\/\/www.yungayino.cl\/noticias\/index.php?rest_route=\/wp\/v2\/posts\/7478","targetHints":{"allow":["GET"]}}],"collection":[{"href":"https:\/\/www.yungayino.cl\/noticias\/index.php?rest_route=\/wp\/v2\/posts"}],"about":[{"href":"https:\/\/www.yungayino.cl\/noticias\/index.php?rest_route=\/wp\/v2\/types\/post"}],"author":[{"embeddable":true,"href":"https:\/\/www.yungayino.cl\/noticias\/index.php?rest_route=\/wp\/v2\/users\/2"}],"replies":[{"embeddable":true,"href":"https:\/\/www.yungayino.cl\/noticias\/index.php?rest_route=%2Fwp%2Fv2%2Fcomments&post=7478"}],"version-history":[{"count":5,"href":"https:\/\/www.yungayino.cl\/noticias\/index.php?rest_route=\/wp\/v2\/posts\/7478\/revisions"}],"predecessor-version":[{"id":7483,"href":"https:\/\/www.yungayino.cl\/noticias\/index.php?rest_route=\/wp\/v2\/posts\/7478\/revisions\/7483"}],"wp:featuredmedia":[{"embeddable":true,"href":"https:\/\/www.yungayino.cl\/noticias\/index.php?rest_route=\/wp\/v2\/media\/15900"}],"wp:attachment":[{"href":"https:\/\/www.yungayino.cl\/noticias\/index.php?rest_route=%2Fwp%2Fv2%2Fmedia&parent=7478"}],"wp:term":[{"taxonomy":"category","embeddable":true,"href":"https:\/\/www.yungayino.cl\/noticias\/index.php?rest_route=%2Fwp%2Fv2%2Fcategories&post=7478"},{"taxonomy":"post_tag","embeddable":true,"href":"https:\/\/www.yungayino.cl\/noticias\/index.php?rest_route=%2Fwp%2Fv2%2Ftags&post=7478"}],"curies":[{"name":"wp","href":"https:\/\/api.w.org\/{rel}","templated":true}]}}