{"id":7515,"date":"2012-04-27T20:00:05","date_gmt":"2012-04-28T00:00:05","guid":{"rendered":"http:\/\/www.yungayino.cl\/noticias\/?p=7515"},"modified":"2012-04-29T09:31:15","modified_gmt":"2012-04-29T13:31:15","slug":"colegio-nueva-esperanza-celebro-el-%e2%80%9cdia-del-carabinero%e2%80%9d","status":"publish","type":"post","link":"https:\/\/www.yungayino.cl\/noticias\/?p=7515","title":{"rendered":"Colegio Nueva Esperanza Celebr\u00f3 el \u201cD\u00eda del Carabinero\u201d"},"content":{"rendered":"<p><img decoding=\"async\" src=\"http:\/\/www.yungayino.cl\/imagenes\/nuevaesperanza20120427.jpg\" alt=\"YUNGAYINO.CL - EL PORTAL DE YUNGAY\" \/><\/p>\n<p><span style=\"font-family: arial,helvetica,sans-serif;\"><span style=\"font-size: small;\">Yungay, el Colegio Nueva Esperanza rindi\u00f3 homenaje a Carabineros de la Cuarta Comisar\u00eda de Yungay con motivo de la celebraci\u00f3n del octog\u00e9simo quinto aniversario de la fundaci\u00f3n de <a href=\"http:\/\/www.carabineros.cl\/\"><strong>Carabineros de Chile<\/strong><\/a>. El acto se llevo a cabo en el patio techado del establecimiento, donde los alumnos homenajearon con coreograf\u00edas, n\u00fameros\u00a0 art\u00edsticos\u00a0 y la entonaci\u00f3n del himno del Carabinero. La actividad cont\u00f3 con la presencia del Mayor Javier Prudant Z\u00fa\u00f1iga y el Sargento Primero Juan Carlos Espinoza quienes fueron acompa\u00f1ados por la Directora Sandra Correa y Profesores. Finalmente los funcionarios se sacaron fotos con los distintos cursos del establecimiento y compartieron un desayuno junto al personal del establecimiento.<\/span><\/span><\/p>\n<p><a href=\"http:\/\/www.facebook.com\/media\/set\/?set=a.442888905726154.120610.159561284058919&amp;type=1\"><span style=\"font-family: arial,helvetica,sans-serif;\"><span style=\"font-size: small;\">Fotograf\u00edas<\/span><\/span><\/a><\/p>\n","protected":false},"excerpt":{"rendered":"<p>Yungay, el Colegio Nueva Esperanza rindi\u00f3 homenaje a Carabineros de la Cuarta Comisar\u00eda de Yungay con motivo de la celebraci\u00f3n del octog\u00e9simo quinto aniversario de la fundaci\u00f3n de Carabineros de Chile. El acto se&#46;&#46;&#46;<\/p>\n","protected":false},"author":2,"featured_media":15906,"comment_status":"open","ping_status":"open","sticky":false,"template":"","format":"standard","meta":{"footnotes":""},"categories":[1],"tags":[320,1115,8,6],"class_list":["post-7515","post","type-post","status-publish","format-standard","has-post-thumbnail","hentry","category-noticias","tag-colegio-nueva-esperanza","tag-noticias","tag-yungay","tag-yungayino"],"_links":{"self":[{"href":"https:\/\/www.yungayino.cl\/noticias\/index.php?rest_route=\/wp\/v2\/posts\/7515","targetHints":{"allow":["GET"]}}],"collection":[{"href":"https:\/\/www.yungayino.cl\/noticias\/index.php?rest_route=\/wp\/v2\/posts"}],"about":[{"href":"https:\/\/www.yungayino.cl\/noticias\/index.php?rest_route=\/wp\/v2\/types\/post"}],"author":[{"embeddable":true,"href":"https:\/\/www.yungayino.cl\/noticias\/index.php?rest_route=\/wp\/v2\/users\/2"}],"replies":[{"embeddable":true,"href":"https:\/\/www.yungayino.cl\/noticias\/index.php?rest_route=%2Fwp%2Fv2%2Fcomments&post=7515"}],"version-history":[{"count":4,"href":"https:\/\/www.yungayino.cl\/noticias\/index.php?rest_route=\/wp\/v2\/posts\/7515\/revisions"}],"predecessor-version":[{"id":7527,"href":"https:\/\/www.yungayino.cl\/noticias\/index.php?rest_route=\/wp\/v2\/posts\/7515\/revisions\/7527"}],"wp:featuredmedia":[{"embeddable":true,"href":"https:\/\/www.yungayino.cl\/noticias\/index.php?rest_route=\/wp\/v2\/media\/15906"}],"wp:attachment":[{"href":"https:\/\/www.yungayino.cl\/noticias\/index.php?rest_route=%2Fwp%2Fv2%2Fmedia&parent=7515"}],"wp:term":[{"taxonomy":"category","embeddable":true,"href":"https:\/\/www.yungayino.cl\/noticias\/index.php?rest_route=%2Fwp%2Fv2%2Fcategories&post=7515"},{"taxonomy":"post_tag","embeddable":true,"href":"https:\/\/www.yungayino.cl\/noticias\/index.php?rest_route=%2Fwp%2Fv2%2Ftags&post=7515"}],"curies":[{"name":"wp","href":"https:\/\/api.w.org\/{rel}","templated":true}]}}