{"id":7522,"date":"2012-04-28T21:00:22","date_gmt":"2012-04-29T01:00:22","guid":{"rendered":"http:\/\/www.yungayino.cl\/noticias\/?p=7522"},"modified":"2012-04-29T09:43:53","modified_gmt":"2012-04-29T13:43:53","slug":"profesionales-del-area-de-salud-y-educacion-de-yungay-realizaron-jornada-de-capacitacion","status":"publish","type":"post","link":"https:\/\/www.yungayino.cl\/noticias\/?p=7522","title":{"rendered":"Profesionales del \u00c1rea de Salud y Educaci\u00f3n de Yungay Realizaron Jornada de Capacitaci\u00f3n"},"content":{"rendered":"<p><img loading=\"lazy\" decoding=\"async\" src=\"http:\/\/www.yungayino.cl\/imagenes\/chilecrece20120428.jpg\" alt=\"YUNGAYINO.CL - EL PORTAL DE YUNGAY\" width=\"500\" height=\"200\" \/><\/p>\n<p><span style=\"font-family: arial,helvetica,sans-serif;\"><span style=\"font-size: small;\">Yungay s\u00e1bado 28 de abril en las dependencias del Hotel Francia de nuestra comuna la Ilustre Municipalidad de Yungay en conjunto con el Hospital Pedro Morales patrocinaron\u00a0 a Profesionales del \u00c1rea de\u00a0 Salud y Educaci\u00f3n una jornada de capacitaci\u00f3n de <strong>\u00abPsicomotricidad y Estimulaci\u00f3n Temprana\u00bb<\/strong> a cargo del Sr. Sebastian Mart\u00edn Pavez Mag\u00edster en Educaci\u00f3n. La jornada tuvo una amplia convocatoria de educadoras de p\u00e1rvulo, asistentes de p\u00e1rvulos,\u00a0 otros profesionales de la salud y la red b\u00e1sica del programa Chile Crece Contigo de la comuna constituidos por diferentes profesionales<\/span><\/span><\/p>\n<p><a href=\"http:\/\/www.facebook.com\/media\/set\/?set=a.443376032344108.120686.159561284058919&amp;type=1\">Fotograf\u00edas<\/a><\/p>\n","protected":false},"excerpt":{"rendered":"<p>Yungay s\u00e1bado 28 de abril en las dependencias del Hotel Francia de nuestra comuna la Ilustre Municipalidad de Yungay en conjunto con el Hospital Pedro Morales patrocinaron\u00a0 a Profesionales del \u00c1rea de\u00a0 Salud y&#46;&#46;&#46;<\/p>\n","protected":false},"author":2,"featured_media":15909,"comment_status":"open","ping_status":"open","sticky":false,"template":"","format":"standard","meta":{"footnotes":""},"categories":[1],"tags":[489,1115,65,8,6],"class_list":["post-7522","post","type-post","status-publish","format-standard","has-post-thumbnail","hentry","category-noticias","tag-chile-crece-contigo","tag-noticias","tag-salud","tag-yungay","tag-yungayino"],"_links":{"self":[{"href":"https:\/\/www.yungayino.cl\/noticias\/index.php?rest_route=\/wp\/v2\/posts\/7522","targetHints":{"allow":["GET"]}}],"collection":[{"href":"https:\/\/www.yungayino.cl\/noticias\/index.php?rest_route=\/wp\/v2\/posts"}],"about":[{"href":"https:\/\/www.yungayino.cl\/noticias\/index.php?rest_route=\/wp\/v2\/types\/post"}],"author":[{"embeddable":true,"href":"https:\/\/www.yungayino.cl\/noticias\/index.php?rest_route=\/wp\/v2\/users\/2"}],"replies":[{"embeddable":true,"href":"https:\/\/www.yungayino.cl\/noticias\/index.php?rest_route=%2Fwp%2Fv2%2Fcomments&post=7522"}],"version-history":[{"count":3,"href":"https:\/\/www.yungayino.cl\/noticias\/index.php?rest_route=\/wp\/v2\/posts\/7522\/revisions"}],"predecessor-version":[{"id":7535,"href":"https:\/\/www.yungayino.cl\/noticias\/index.php?rest_route=\/wp\/v2\/posts\/7522\/revisions\/7535"}],"wp:featuredmedia":[{"embeddable":true,"href":"https:\/\/www.yungayino.cl\/noticias\/index.php?rest_route=\/wp\/v2\/media\/15909"}],"wp:attachment":[{"href":"https:\/\/www.yungayino.cl\/noticias\/index.php?rest_route=%2Fwp%2Fv2%2Fmedia&parent=7522"}],"wp:term":[{"taxonomy":"category","embeddable":true,"href":"https:\/\/www.yungayino.cl\/noticias\/index.php?rest_route=%2Fwp%2Fv2%2Fcategories&post=7522"},{"taxonomy":"post_tag","embeddable":true,"href":"https:\/\/www.yungayino.cl\/noticias\/index.php?rest_route=%2Fwp%2Fv2%2Ftags&post=7522"}],"curies":[{"name":"wp","href":"https:\/\/api.w.org\/{rel}","templated":true}]}}