{"id":7560,"date":"2012-05-08T23:13:44","date_gmt":"2012-05-09T03:13:44","guid":{"rendered":"http:\/\/www.yungayino.cl\/noticias\/?p=7560"},"modified":"2012-05-09T18:41:18","modified_gmt":"2012-05-09T22:41:18","slug":"agrupacion-folclorica-%e2%80%9ccantares-de-yungay%e2%80%9d-finalizo-ciclo-de-presentaciones-en-comuna-de-cabrero","status":"publish","type":"post","link":"https:\/\/www.yungayino.cl\/noticias\/?p=7560","title":{"rendered":"Agrupaci\u00f3n Folcl\u00f3rica \u201cCantares de Yungay\u201d Finalizo Ciclo de Presentaciones en Comuna de Cabrero"},"content":{"rendered":"<p><img loading=\"lazy\" decoding=\"async\" src=\"http:\/\/www.yungayino.cl\/imagenes\/cantaresencabrero.jpg\" alt=\"YUNGAYINO.CL - EL PORTAL DE YUNGAY\" width=\"500\" height=\"200\" \/><\/p>\n<p><span style=\"font-family: arial,helvetica,sans-serif;\"><span style=\"font-size: small;\">Yungay una destacada presentaci\u00f3n tuvo el pasado S\u00e1bado 28 de Abril\u00a0 la Agrupaci\u00f3n Folcl\u00f3rica \u201c<strong>Cantares de Yungay\u201d <\/strong>en la Casa de la Cultura de la vecina comuna de Cabrero. La Agrupaci\u00f3n yungayina deleito al p\u00fablico presente, quienes realizaron una muestra de cantos y danzas de la zona Central y Sur de Chile, todo esto en el marco del cierre de sus presentaciones realizadas gracias a su proyecto cultural titulado \u201cCANTARES: EDUCA, CANTA Y DANZA\u201d, financiado con la Subvenci\u00f3n Cultural F.N.D.R. 2011, del Gobierno Regional del B\u00edo-B\u00edo. En esta ocasi\u00f3n fueron acompa\u00f1ados por el Grupo de Yungay \u201cAmor Joven\u201d. Finalmente recordar que la agrupaci\u00f3n yungayina puso fin a este ciclo de presentaciones donde con anterioridad ya se hab\u00edan presentado en las comunas de Yumbel, El Carmen, Campanario, Yungay y Cabrero, por su parte la presidenta del grupo Eliana Silva agradeci\u00f3 a todos quienes acompa\u00f1aron en cada presentaci\u00f3n art\u00edstica.<\/span><\/span><\/p>\n<p><a href=\"http:\/\/www.facebook.com\/media\/set\/?set=a.453152578033120.121903.159561284058919&amp;type=1\"><span style=\"font-family: arial,helvetica,sans-serif;\"><span style=\"font-size: small;\">Fotograf\u00edas<\/span><\/span><\/a><\/p>\n<p><a href=\"http:\/\/www.yungayino.cl\/noticias\/?p=7560#comments\"><span style=\"font-family: arial,helvetica,sans-serif;\"><span style=\"font-size: small;\">Comente Aqu\u00ed<\/span><\/span><\/a><\/p>\n","protected":false},"excerpt":{"rendered":"<p>Yungay una destacada presentaci\u00f3n tuvo el pasado S\u00e1bado 28 de Abril\u00a0 la Agrupaci\u00f3n Folcl\u00f3rica \u201cCantares de Yungay\u201d en la Casa de la Cultura de la vecina comuna de Cabrero. La Agrupaci\u00f3n yungayina deleito al&#46;&#46;&#46;<\/p>\n","protected":false},"author":2,"featured_media":15914,"comment_status":"open","ping_status":"open","sticky":false,"template":"","format":"standard","meta":{"footnotes":""},"categories":[1],"tags":[473,60,1115,8,6],"class_list":["post-7560","post","type-post","status-publish","format-standard","has-post-thumbnail","hentry","category-noticias","tag-agrupacion-folclorica-cantares-de-yungay","tag-cantares-de-yungay","tag-noticias","tag-yungay","tag-yungayino"],"_links":{"self":[{"href":"https:\/\/www.yungayino.cl\/noticias\/index.php?rest_route=\/wp\/v2\/posts\/7560","targetHints":{"allow":["GET"]}}],"collection":[{"href":"https:\/\/www.yungayino.cl\/noticias\/index.php?rest_route=\/wp\/v2\/posts"}],"about":[{"href":"https:\/\/www.yungayino.cl\/noticias\/index.php?rest_route=\/wp\/v2\/types\/post"}],"author":[{"embeddable":true,"href":"https:\/\/www.yungayino.cl\/noticias\/index.php?rest_route=\/wp\/v2\/users\/2"}],"replies":[{"embeddable":true,"href":"https:\/\/www.yungayino.cl\/noticias\/index.php?rest_route=%2Fwp%2Fv2%2Fcomments&post=7560"}],"version-history":[{"count":7,"href":"https:\/\/www.yungayino.cl\/noticias\/index.php?rest_route=\/wp\/v2\/posts\/7560\/revisions"}],"predecessor-version":[{"id":7574,"href":"https:\/\/www.yungayino.cl\/noticias\/index.php?rest_route=\/wp\/v2\/posts\/7560\/revisions\/7574"}],"wp:featuredmedia":[{"embeddable":true,"href":"https:\/\/www.yungayino.cl\/noticias\/index.php?rest_route=\/wp\/v2\/media\/15914"}],"wp:attachment":[{"href":"https:\/\/www.yungayino.cl\/noticias\/index.php?rest_route=%2Fwp%2Fv2%2Fmedia&parent=7560"}],"wp:term":[{"taxonomy":"category","embeddable":true,"href":"https:\/\/www.yungayino.cl\/noticias\/index.php?rest_route=%2Fwp%2Fv2%2Fcategories&post=7560"},{"taxonomy":"post_tag","embeddable":true,"href":"https:\/\/www.yungayino.cl\/noticias\/index.php?rest_route=%2Fwp%2Fv2%2Ftags&post=7560"}],"curies":[{"name":"wp","href":"https:\/\/api.w.org\/{rel}","templated":true}]}}