{"id":770,"date":"2009-03-26T18:00:44","date_gmt":"2009-03-26T22:00:44","guid":{"rendered":"http:\/\/www.yungayino.cl\/noticias\/?p=770"},"modified":"2009-03-26T23:39:49","modified_gmt":"2009-03-27T03:39:49","slug":"orfeon-nacional-de-carabineros-en-yungay","status":"publish","type":"post","link":"https:\/\/www.yungayino.cl\/noticias\/?p=770","title":{"rendered":"Orfe\u00f3n Nacional de Carabineros en Yungay"},"content":{"rendered":"<p><img decoding=\"async\" src=\"http:\/\/www.yungayino.cl\/imagenes\/orfeoncarabineros.jpg\" alt=\"Orfe\u00f3n de Carabineros en Yungay\" \/><\/p>\n<p align=\"justify\"><font size=\"2\">Jueves 26 de Marzo a las 17:30 horas, se presento en el Sal\u00f3n Comunitario Multiuso El Orfe\u00f3n Nacional de Carabineros cuyo Director Musical es el Capit\u00e1n de Bandas Guillermo Bravo Rojas. En esta gira visito por la ma\u00f1ana la Comuna del Carmen y en la tarde a Yungay gracias a la invitaci\u00f3n de la Municipalidad de Yungay, para luego trasladarse a Monte \u00c1guila para continuar ma\u00f1ana en Victoria, P\u00faa, Florida y retornar a Santiago. La comunidad yungayina y colegios rurales de Los Mayos, El Castillo, Los Laureles y Santa Irma pudieron disfrutar de las variadas composiciones y el enriquecido repertorio como marchas militares, m\u00fasica sinf\u00f3nica y exposici\u00f3n del Folclor y la m\u00fasica Popular. Importante destacar que el Orfe\u00f3n Nacional de Carabineros es la \u00fanica banda calificada por decreto como Nacional lo que constituye por derecho propio, un patrimonio cultural de todos los chilenos.<br \/>\n<a href=\"http:\/\/www.carabineros.cl\/sitioweb\/web\/verSeccion.do?cod=105\">M\u00e1s Informaci\u00f3n<\/a><br \/>\n<a href=\"http:\/\/www.flickr.com\/photos\/36780447@N04\/tags\/orfeondecarabineros\/\">Fotograf\u00edas<\/a><\/font><\/p>\n","protected":false},"excerpt":{"rendered":"<p>Jueves 26 de Marzo a las 17:30 horas, se presento en el Sal\u00f3n Comunitario Multiuso El Orfe\u00f3n Nacional de Carabineros cuyo Director Musical es el Capit\u00e1n de Bandas Guillermo Bravo Rojas. En esta gira&#46;&#46;&#46;<\/p>\n","protected":false},"author":2,"featured_media":14956,"comment_status":"open","ping_status":"open","sticky":false,"template":"","format":"standard","meta":{"footnotes":""},"categories":[5],"tags":[25,1117,1115,8,6],"class_list":["post-770","post","type-post","status-publish","format-standard","has-post-thumbnail","hentry","category-eventos","tag-carabineros","tag-eventos","tag-noticias","tag-yungay","tag-yungayino"],"_links":{"self":[{"href":"https:\/\/www.yungayino.cl\/noticias\/index.php?rest_route=\/wp\/v2\/posts\/770","targetHints":{"allow":["GET"]}}],"collection":[{"href":"https:\/\/www.yungayino.cl\/noticias\/index.php?rest_route=\/wp\/v2\/posts"}],"about":[{"href":"https:\/\/www.yungayino.cl\/noticias\/index.php?rest_route=\/wp\/v2\/types\/post"}],"author":[{"embeddable":true,"href":"https:\/\/www.yungayino.cl\/noticias\/index.php?rest_route=\/wp\/v2\/users\/2"}],"replies":[{"embeddable":true,"href":"https:\/\/www.yungayino.cl\/noticias\/index.php?rest_route=%2Fwp%2Fv2%2Fcomments&post=770"}],"version-history":[{"count":4,"href":"https:\/\/www.yungayino.cl\/noticias\/index.php?rest_route=\/wp\/v2\/posts\/770\/revisions"}],"predecessor-version":[{"id":774,"href":"https:\/\/www.yungayino.cl\/noticias\/index.php?rest_route=\/wp\/v2\/posts\/770\/revisions\/774"}],"wp:featuredmedia":[{"embeddable":true,"href":"https:\/\/www.yungayino.cl\/noticias\/index.php?rest_route=\/wp\/v2\/media\/14956"}],"wp:attachment":[{"href":"https:\/\/www.yungayino.cl\/noticias\/index.php?rest_route=%2Fwp%2Fv2%2Fmedia&parent=770"}],"wp:term":[{"taxonomy":"category","embeddable":true,"href":"https:\/\/www.yungayino.cl\/noticias\/index.php?rest_route=%2Fwp%2Fv2%2Fcategories&post=770"},{"taxonomy":"post_tag","embeddable":true,"href":"https:\/\/www.yungayino.cl\/noticias\/index.php?rest_route=%2Fwp%2Fv2%2Ftags&post=770"}],"curies":[{"name":"wp","href":"https:\/\/api.w.org\/{rel}","templated":true}]}}