{"id":7727,"date":"2012-06-23T18:00:59","date_gmt":"2012-06-23T22:00:59","guid":{"rendered":"http:\/\/www.yungayino.cl\/noticias\/?p=7727"},"modified":"2012-06-23T23:04:00","modified_gmt":"2012-06-24T03:04:00","slug":"internos-de-carcel-de-yungay-celebraron-%e2%80%9cwe-tripantu%e2%80%9d","status":"publish","type":"post","link":"https:\/\/www.yungayino.cl\/noticias\/?p=7727","title":{"rendered":"Internos de C\u00e1rcel de Yungay Celebraron \u201cWE TRIPANTU\u201d"},"content":{"rendered":"<p><img loading=\"lazy\" decoding=\"async\" src=\"http:\/\/www.yungayino.cl\/imagenes\/carcel20120622.jpg\" alt=\"YUNGAYINO.CL - El Portal de Yungay\" width=\"500\" height=\"200\" \/><\/p>\n<p><span style=\"font-family: arial,helvetica,sans-serif;\"><span style=\"font-size: small;\">Yungay, 22 de Junio 2012 \u00a0el alcalde de la Comuna de Alto BioBio, F\u00e9lix Vita en compa\u00f1\u00eda de una delegaci\u00f3n y familiares visitaron a los Internos del Centro Detenci\u00f3n Preventiva de Yungay (C.D.P), con el objetivo de acompa\u00f1ar espec\u00edficamente a los trece internos Pehuenches y as\u00ed compartir un grato momento de esparcimiento con ellos para celebrar el \u201c<strong>WE TRIPANTU\u201d <\/strong>conocido como el A\u00f1o Nuevo Ind\u00edgena en donde reciben la llegada de un nuevo a\u00f1o y corresponde al solsticio de invierno, el d\u00eda m\u00e1s corto y la noche m\u00e1s larga del a\u00f1o. En este d\u00eda el sol se aleja a su punto m\u00e1s distante de la tierra para luego volver nuevamente en un nuevo ciclo de vida, fecundando la tierra y prepar\u00e1ndola para las nuevas cosechas. Durante la celebraci\u00f3n los internos pehuenches se manifestaron estar muy contentos por que a pesar de estar impedidos de su libertad pudieron celebrar este nuevo a\u00f1o y no perder sus costumbres, por su parte el alcalde F\u00e9lix Vita agradeci\u00f3 a toda la comunidad yungayina por el apoyo dado por el alcalde Pedro Inostroza y a Gendarmer\u00eda para poder realizar esta actividad y as\u00ed apoyar a estos internos. Finalmente cabe mencionar que tambi\u00e9n asistieron la Jefa Daem, Eugenia L\u00f3pez, el Alcaide del Centro Penitenciario Eugenio Alvial y el Administrador Municipal Alexis Perez.<\/span><\/span><\/p>\n<p><a href=\"http:\/\/www.facebook.com\/media\/set\/?set=a.484339568247754.126860.159561284058919&amp;type=3\"><span style=\"font-family: arial,helvetica,sans-serif;\"><span style=\"font-size: small;\">Fotograf\u00edas<\/span><\/span><\/a><\/p>\n","protected":false},"excerpt":{"rendered":"<p>Yungay, 22 de Junio 2012 \u00a0el alcalde de la Comuna de Alto BioBio, F\u00e9lix Vita en compa\u00f1\u00eda de una delegaci\u00f3n y familiares visitaron a los Internos del Centro Detenci\u00f3n Preventiva de Yungay (C.D.P), con&#46;&#46;&#46;<\/p>\n","protected":false},"author":2,"featured_media":15940,"comment_status":"open","ping_status":"open","sticky":false,"template":"","format":"standard","meta":{"footnotes":""},"categories":[1],"tags":[494,1115,504,6],"class_list":["post-7727","post","type-post","status-publish","format-standard","has-post-thumbnail","hentry","category-noticias","tag-carcel","tag-noticias","tag-we-tripantu","tag-yungayino"],"_links":{"self":[{"href":"https:\/\/www.yungayino.cl\/noticias\/index.php?rest_route=\/wp\/v2\/posts\/7727","targetHints":{"allow":["GET"]}}],"collection":[{"href":"https:\/\/www.yungayino.cl\/noticias\/index.php?rest_route=\/wp\/v2\/posts"}],"about":[{"href":"https:\/\/www.yungayino.cl\/noticias\/index.php?rest_route=\/wp\/v2\/types\/post"}],"author":[{"embeddable":true,"href":"https:\/\/www.yungayino.cl\/noticias\/index.php?rest_route=\/wp\/v2\/users\/2"}],"replies":[{"embeddable":true,"href":"https:\/\/www.yungayino.cl\/noticias\/index.php?rest_route=%2Fwp%2Fv2%2Fcomments&post=7727"}],"version-history":[{"count":4,"href":"https:\/\/www.yungayino.cl\/noticias\/index.php?rest_route=\/wp\/v2\/posts\/7727\/revisions"}],"predecessor-version":[{"id":7731,"href":"https:\/\/www.yungayino.cl\/noticias\/index.php?rest_route=\/wp\/v2\/posts\/7727\/revisions\/7731"}],"wp:featuredmedia":[{"embeddable":true,"href":"https:\/\/www.yungayino.cl\/noticias\/index.php?rest_route=\/wp\/v2\/media\/15940"}],"wp:attachment":[{"href":"https:\/\/www.yungayino.cl\/noticias\/index.php?rest_route=%2Fwp%2Fv2%2Fmedia&parent=7727"}],"wp:term":[{"taxonomy":"category","embeddable":true,"href":"https:\/\/www.yungayino.cl\/noticias\/index.php?rest_route=%2Fwp%2Fv2%2Fcategories&post=7727"},{"taxonomy":"post_tag","embeddable":true,"href":"https:\/\/www.yungayino.cl\/noticias\/index.php?rest_route=%2Fwp%2Fv2%2Ftags&post=7727"}],"curies":[{"name":"wp","href":"https:\/\/api.w.org\/{rel}","templated":true}]}}