{"id":7732,"date":"2012-06-25T20:00:29","date_gmt":"2012-06-26T00:00:29","guid":{"rendered":"http:\/\/www.yungayino.cl\/noticias\/?p=7732"},"modified":"2012-06-25T20:59:24","modified_gmt":"2012-06-26T00:59:24","slug":"cuerpo-de-bomberos-de-yungay-celebro-51-anos-de-vida","status":"publish","type":"post","link":"https:\/\/www.yungayino.cl\/noticias\/?p=7732","title":{"rendered":"Cuerpo de Bomberos de Yungay Celebro 51 A\u00f1os de Vida"},"content":{"rendered":"<p><img loading=\"lazy\" decoding=\"async\" src=\"http:\/\/www.yungayino.cl\/imagenes\/bomberos201206.jpg\" alt=\"YUNGAYINO.CL - El Portal de Yungay\" width=\"500\" height=\"200\" \/><\/p>\n<p><span style=\"font-family: arial,helvetica,sans-serif;\"><span style=\"font-size: small;\">Yungay, el Cuerpo de Bomberos de Yungay celebro 51 a\u00f1os de vida es por eso que realizo una ceremonia en el Sal\u00f3n Auditorio de la Biblioteca Municipal. La ceremonia fue liderada por el Vice Superintendente Gilberto Silva, el 2\u00ba Comandante Fernando Fuica y el Alcalde Pedro Inostroza, adem\u00e1s de Representante de Bomberos, Concejales, invitados especiales y p\u00fablicos en general. En la ocasi\u00f3n el Municipio y Bomberos hicieron un reconocimiento especial a Gabriel Parra Vega, qui\u00e9n cumpli\u00f3 50 a\u00f1os como voluntario de la instituci\u00f3n convirti\u00e9ndolo en Voluntario Institucional Nacional de Bomberos. Finalmente tambi\u00e9n se hizo entrega a los voluntarios de sus medallas por a\u00f1os de servicio la cual es el orgullo m\u00e1s grande para los voluntarios que la podr\u00e1n lucir en su traje de parada y para finalizar se condecor\u00f3 el estandarte.<\/span><\/span><\/p>\n<p><a href=\"http:\/\/www.facebook.com\/media\/set\/?set=a.485537654794612.127075.159561284058919&amp;type=3\"><span style=\"font-family: arial,helvetica,sans-serif;\"><span style=\"font-size: small;\">Fotograf\u00edas<\/span><\/span><\/a><\/p>\n","protected":false},"excerpt":{"rendered":"<p>Yungay, el Cuerpo de Bomberos de Yungay celebro 51 a\u00f1os de vida es por eso que realizo una ceremonia en el Sal\u00f3n Auditorio de la Biblioteca Municipal. La ceremonia fue liderada por el Vice&#46;&#46;&#46;<\/p>\n","protected":false},"author":2,"featured_media":15941,"comment_status":"open","ping_status":"open","sticky":false,"template":"","format":"standard","meta":{"footnotes":""},"categories":[1],"tags":[505,37,1115,8,6],"class_list":["post-7732","post","type-post","status-publish","format-standard","has-post-thumbnail","hentry","category-noticias","tag-aniversario-n-51","tag-bomberos","tag-noticias","tag-yungay","tag-yungayino"],"_links":{"self":[{"href":"https:\/\/www.yungayino.cl\/noticias\/index.php?rest_route=\/wp\/v2\/posts\/7732","targetHints":{"allow":["GET"]}}],"collection":[{"href":"https:\/\/www.yungayino.cl\/noticias\/index.php?rest_route=\/wp\/v2\/posts"}],"about":[{"href":"https:\/\/www.yungayino.cl\/noticias\/index.php?rest_route=\/wp\/v2\/types\/post"}],"author":[{"embeddable":true,"href":"https:\/\/www.yungayino.cl\/noticias\/index.php?rest_route=\/wp\/v2\/users\/2"}],"replies":[{"embeddable":true,"href":"https:\/\/www.yungayino.cl\/noticias\/index.php?rest_route=%2Fwp%2Fv2%2Fcomments&post=7732"}],"version-history":[{"count":2,"href":"https:\/\/www.yungayino.cl\/noticias\/index.php?rest_route=\/wp\/v2\/posts\/7732\/revisions"}],"predecessor-version":[{"id":7734,"href":"https:\/\/www.yungayino.cl\/noticias\/index.php?rest_route=\/wp\/v2\/posts\/7732\/revisions\/7734"}],"wp:featuredmedia":[{"embeddable":true,"href":"https:\/\/www.yungayino.cl\/noticias\/index.php?rest_route=\/wp\/v2\/media\/15941"}],"wp:attachment":[{"href":"https:\/\/www.yungayino.cl\/noticias\/index.php?rest_route=%2Fwp%2Fv2%2Fmedia&parent=7732"}],"wp:term":[{"taxonomy":"category","embeddable":true,"href":"https:\/\/www.yungayino.cl\/noticias\/index.php?rest_route=%2Fwp%2Fv2%2Fcategories&post=7732"},{"taxonomy":"post_tag","embeddable":true,"href":"https:\/\/www.yungayino.cl\/noticias\/index.php?rest_route=%2Fwp%2Fv2%2Ftags&post=7732"}],"curies":[{"name":"wp","href":"https:\/\/api.w.org\/{rel}","templated":true}]}}