{"id":7788,"date":"2012-07-25T07:00:55","date_gmt":"2012-07-25T11:00:55","guid":{"rendered":"http:\/\/www.yungayino.cl\/noticias\/?p=7788"},"modified":"2012-07-24T13:04:07","modified_gmt":"2012-07-24T17:04:07","slug":"yungay-sera-sede-de-fase-regional-del-%e2%80%9cii-campeonato-nacional-de-cueca-huasa-juvenil-de-san-pedro-de-melipilla-%e2%80%9c","status":"publish","type":"post","link":"https:\/\/www.yungayino.cl\/noticias\/?p=7788","title":{"rendered":"Yungay Ser\u00e1 Sede de Fase Regional del \u201cII Campeonato Nacional de Cueca Huasa Juvenil de San Pedro de Melipilla \u201c"},"content":{"rendered":"<p><img loading=\"lazy\" decoding=\"async\" src=\"http:\/\/www.yungayino.cl\/imagenes\/cueca201206.jpg\" alt=\"YUNGAYINO.CL - El Portal de Yungay\" width=\"500\" height=\"200\" \/><\/p>\n<p><span style=\"font-family: arial,helvetica,sans-serif;\"><span style=\"font-size: small;\">Yungay\u00a0 ser\u00e1 la Sede de la Fase Regional del \u201cII Campeonato Nacional de Cueca Huasa Juvenil de San Pedro de Melipilla \u201cel cu\u00e1l se realizara el pr\u00f3ximo s\u00e1bado 04 de agosto 2012 en el Gimnasio Multiuso y contara con el Auspicio y Patrocinio de la Ilustre Municipalidad, adem\u00e1s ser\u00e1 amenizado por los Grupos \u201cAltamar\u201d y \u201cAlerzal\u201d. Cabe mencionar que el pasado domingo 01 de julio se realizo en la Sede de la Junta de Vecinos Tres Esquinas el clasificatorio Comunal el cu\u00e1l fue amenizado por el Grupo \u201cCantares de Yungay\u201d y en donde resultaron ganadores la pareja compuesta por Alejandra Cifuentes Medina y Mart\u00edn Vald\u00e9s.<\/span><\/span><\/p>\n","protected":false},"excerpt":{"rendered":"<p>Yungay\u00a0 ser\u00e1 la Sede de la Fase Regional del \u201cII Campeonato Nacional de Cueca Huasa Juvenil de San Pedro de Melipilla \u201cel cu\u00e1l se realizara el pr\u00f3ximo s\u00e1bado 04 de agosto 2012 en el&#46;&#46;&#46;<\/p>\n","protected":false},"author":2,"featured_media":15952,"comment_status":"open","ping_status":"open","sticky":false,"template":"","format":"standard","meta":{"footnotes":""},"categories":[1],"tags":[67,1115,8,6],"class_list":["post-7788","post","type-post","status-publish","format-standard","has-post-thumbnail","hentry","category-noticias","tag-cueca","tag-noticias","tag-yungay","tag-yungayino"],"_links":{"self":[{"href":"https:\/\/www.yungayino.cl\/noticias\/index.php?rest_route=\/wp\/v2\/posts\/7788","targetHints":{"allow":["GET"]}}],"collection":[{"href":"https:\/\/www.yungayino.cl\/noticias\/index.php?rest_route=\/wp\/v2\/posts"}],"about":[{"href":"https:\/\/www.yungayino.cl\/noticias\/index.php?rest_route=\/wp\/v2\/types\/post"}],"author":[{"embeddable":true,"href":"https:\/\/www.yungayino.cl\/noticias\/index.php?rest_route=\/wp\/v2\/users\/2"}],"replies":[{"embeddable":true,"href":"https:\/\/www.yungayino.cl\/noticias\/index.php?rest_route=%2Fwp%2Fv2%2Fcomments&post=7788"}],"version-history":[{"count":2,"href":"https:\/\/www.yungayino.cl\/noticias\/index.php?rest_route=\/wp\/v2\/posts\/7788\/revisions"}],"predecessor-version":[{"id":7789,"href":"https:\/\/www.yungayino.cl\/noticias\/index.php?rest_route=\/wp\/v2\/posts\/7788\/revisions\/7789"}],"wp:featuredmedia":[{"embeddable":true,"href":"https:\/\/www.yungayino.cl\/noticias\/index.php?rest_route=\/wp\/v2\/media\/15952"}],"wp:attachment":[{"href":"https:\/\/www.yungayino.cl\/noticias\/index.php?rest_route=%2Fwp%2Fv2%2Fmedia&parent=7788"}],"wp:term":[{"taxonomy":"category","embeddable":true,"href":"https:\/\/www.yungayino.cl\/noticias\/index.php?rest_route=%2Fwp%2Fv2%2Fcategories&post=7788"},{"taxonomy":"post_tag","embeddable":true,"href":"https:\/\/www.yungayino.cl\/noticias\/index.php?rest_route=%2Fwp%2Fv2%2Ftags&post=7788"}],"curies":[{"name":"wp","href":"https:\/\/api.w.org\/{rel}","templated":true}]}}