{"id":7809,"date":"2012-08-01T18:00:27","date_gmt":"2012-08-01T22:00:27","guid":{"rendered":"http:\/\/www.yungayino.cl\/noticias\/?p=7809"},"modified":"2012-08-01T20:32:07","modified_gmt":"2012-08-02T00:32:07","slug":"dirigentes-sociales-de-yungay-reciben-capacitacion","status":"publish","type":"post","link":"https:\/\/www.yungayino.cl\/noticias\/?p=7809","title":{"rendered":"Dirigentes Sociales de Yungay Reciben Capacitaci\u00f3n"},"content":{"rendered":"<p><img loading=\"lazy\" decoding=\"async\" src=\"http:\/\/www.yungayino.cl\/imagenes\/baquedano20120801.jpg\" alt=\"YUNGAYINO.CL - El Portal de Yungay\" width=\"500\" height=\"200\" \/><\/p>\n<p><span style=\"font-family: arial,helvetica,sans-serif;\"><span style=\"font-size: small;\">Yungay, mi\u00e9rcoles 1 de agosto en las instalaciones del restaurante\u00a0La Casona, se realiz\u00f3 un Taller de Capacitaci\u00f3n con diferentes dirigentes sociales de Yungay organizado por las Empresas Electro Austral Generaci\u00f3n y Energ\u00eda Baquedano. La exposici\u00f3n estuvo a cargo de Luis Bri\u00f3n, soci\u00f3logo de la Universidad de Concepci\u00f3n y participaron 45 dirigentes sociales, entre ellos, Ang\u00e9lica Mart\u00ednez, presidenta de la Uni\u00f3n Comunal de Juntas de Vecinos de Yungay. Cabe mencionar que esta actividad se enmarca en la pol\u00edtica de buen vecino de las empresas Electro Austral Generaci\u00f3n y Energ\u00eda Baquedano, quienes en el proceso de las mesas de trabajo desarrolladas el a\u00f1o 2011 acordaron con distintos dirigentes sociales de la comuna desarrollar iniciativas de fortalecimiento para organizaciones sociales. Esta jornada\u00a0fue\u00a0la primera de un ciclo de talleres\u00a0que continuar\u00e1 en el mes de septiembre del presente a\u00f1o.<\/span><\/span><\/p>\n<p><a href=\"http:\/\/www.facebook.com\/media\/set\/?set=a.502734196408291.131130.159561284058919&amp;type=1\"><span style=\"font-family: arial,helvetica,sans-serif;\"><span style=\"font-size: small;\">Fotograf\u00edas<\/span><\/span><\/a><\/p>\n","protected":false},"excerpt":{"rendered":"<p>Yungay, mi\u00e9rcoles 1 de agosto en las instalaciones del restaurante\u00a0La Casona, se realiz\u00f3 un Taller de Capacitaci\u00f3n con diferentes dirigentes sociales de Yungay organizado por las Empresas Electro Austral Generaci\u00f3n y Energ\u00eda Baquedano. La&#46;&#46;&#46;<\/p>\n","protected":false},"author":2,"featured_media":15956,"comment_status":"open","ping_status":"open","sticky":false,"template":"","format":"standard","meta":{"footnotes":""},"categories":[1],"tags":[1115,8,6],"class_list":["post-7809","post","type-post","status-publish","format-standard","has-post-thumbnail","hentry","category-noticias","tag-noticias","tag-yungay","tag-yungayino"],"_links":{"self":[{"href":"https:\/\/www.yungayino.cl\/noticias\/index.php?rest_route=\/wp\/v2\/posts\/7809","targetHints":{"allow":["GET"]}}],"collection":[{"href":"https:\/\/www.yungayino.cl\/noticias\/index.php?rest_route=\/wp\/v2\/posts"}],"about":[{"href":"https:\/\/www.yungayino.cl\/noticias\/index.php?rest_route=\/wp\/v2\/types\/post"}],"author":[{"embeddable":true,"href":"https:\/\/www.yungayino.cl\/noticias\/index.php?rest_route=\/wp\/v2\/users\/2"}],"replies":[{"embeddable":true,"href":"https:\/\/www.yungayino.cl\/noticias\/index.php?rest_route=%2Fwp%2Fv2%2Fcomments&post=7809"}],"version-history":[{"count":4,"href":"https:\/\/www.yungayino.cl\/noticias\/index.php?rest_route=\/wp\/v2\/posts\/7809\/revisions"}],"predecessor-version":[{"id":7813,"href":"https:\/\/www.yungayino.cl\/noticias\/index.php?rest_route=\/wp\/v2\/posts\/7809\/revisions\/7813"}],"wp:featuredmedia":[{"embeddable":true,"href":"https:\/\/www.yungayino.cl\/noticias\/index.php?rest_route=\/wp\/v2\/media\/15956"}],"wp:attachment":[{"href":"https:\/\/www.yungayino.cl\/noticias\/index.php?rest_route=%2Fwp%2Fv2%2Fmedia&parent=7809"}],"wp:term":[{"taxonomy":"category","embeddable":true,"href":"https:\/\/www.yungayino.cl\/noticias\/index.php?rest_route=%2Fwp%2Fv2%2Fcategories&post=7809"},{"taxonomy":"post_tag","embeddable":true,"href":"https:\/\/www.yungayino.cl\/noticias\/index.php?rest_route=%2Fwp%2Fv2%2Ftags&post=7809"}],"curies":[{"name":"wp","href":"https:\/\/api.w.org\/{rel}","templated":true}]}}