{"id":7814,"date":"2012-08-01T20:00:32","date_gmt":"2012-08-02T00:00:32","guid":{"rendered":"http:\/\/www.yungayino.cl\/noticias\/?p=7814"},"modified":"2012-08-01T22:39:19","modified_gmt":"2012-08-02T02:39:19","slug":"ficha-proteccion-social","status":"publish","type":"post","link":"https:\/\/www.yungayino.cl\/noticias\/?p=7814","title":{"rendered":"Alcaldes de \u00d1uble Conocieron la Nueva Ficha de Protecci\u00f3n Social"},"content":{"rendered":"<p><img loading=\"lazy\" decoding=\"async\" src=\"http:\/\/www.yungayino.cl\/imagenes\/comunicado20120801.jpg\" alt=\"YUNGAYINO.CL - El Portal de Yungay\" width=\"500\" height=\"200\" \/><\/p>\n<p><span style=\"font-family: arial,helvetica,sans-serif;\"><span style=\"font-size: small;\">Chill\u00e1n, la Subsecretaria de Servicios Sociales del Ministerio de Desarrollo Social, Loreto Seguel, y la Seremi del ramo, Claudia Hurtado, firmaron \u00a0en la Gobernaci\u00f3n, en compa\u00f1\u00eda de diferentes alcaldes de la provincia, el convenio sobre la nueva ficha de protecci\u00f3n social. La oportunidad de contar con una Nueva Ficha Social permitir\u00e1 entregar una acertada lectura de la realidad de las familias chilenas y permitir\u00e1 focalizar las ayudas del estado en las personas que realmente lo necesitan. Adem\u00e1s, el nuevo instrumento permitir\u00e1 desenmascarar a aquellas personas que aprovech\u00e1ndose y mintiendo han entregado informaci\u00f3n errada falsa, y por ende permitir\u00e1 conocer y detectar las familias m\u00e1s vulnerables del pa\u00eds. La Ficha permitir\u00e1 no solo focalizar los recursos en los m\u00e1s necesitados, sino que ampliar la cobertura a la clase media, pues se contara con\u00a0 mayor cantidad de recursos y un mejor uso de estos. La Seremi de Desarrollo Social transfiere de esta forma $711.369.901, a los 54 municipios de la regi\u00f3n desglosando a nivel provincial los siguientes montos:<\/span><\/span><\/p>\n<p><span style=\"font-family: arial,helvetica,sans-serif;\"><span style=\"font-size: small;\">Concepci\u00f3n: $272.927.029<\/span><\/span><\/p>\n<p><span style=\"font-family: arial,helvetica,sans-serif;\"><span style=\"font-size: small;\">\u00d1uble: $208.704.481<\/span><\/span><\/p>\n<p><span style=\"font-family: arial,helvetica,sans-serif;\"><span style=\"font-size: small;\">B\u00edob\u00edo: $148.674.436<\/span><\/span><\/p>\n<p><span style=\"font-family: arial,helvetica,sans-serif;\"><span style=\"font-size: small;\">Arauco: $81.063.956<\/span><\/span><\/p>\n","protected":false},"excerpt":{"rendered":"<p>Chill\u00e1n, la Subsecretaria de Servicios Sociales del Ministerio de Desarrollo Social, Loreto Seguel, y la Seremi del ramo, Claudia Hurtado, firmaron \u00a0en la Gobernaci\u00f3n, en compa\u00f1\u00eda de diferentes alcaldes de la provincia, el convenio&#46;&#46;&#46;<\/p>\n","protected":false},"author":2,"featured_media":15957,"comment_status":"open","ping_status":"open","sticky":false,"template":"","format":"standard","meta":{"footnotes":""},"categories":[1],"tags":[1115,8,6],"class_list":["post-7814","post","type-post","status-publish","format-standard","has-post-thumbnail","hentry","category-noticias","tag-noticias","tag-yungay","tag-yungayino"],"_links":{"self":[{"href":"https:\/\/www.yungayino.cl\/noticias\/index.php?rest_route=\/wp\/v2\/posts\/7814","targetHints":{"allow":["GET"]}}],"collection":[{"href":"https:\/\/www.yungayino.cl\/noticias\/index.php?rest_route=\/wp\/v2\/posts"}],"about":[{"href":"https:\/\/www.yungayino.cl\/noticias\/index.php?rest_route=\/wp\/v2\/types\/post"}],"author":[{"embeddable":true,"href":"https:\/\/www.yungayino.cl\/noticias\/index.php?rest_route=\/wp\/v2\/users\/2"}],"replies":[{"embeddable":true,"href":"https:\/\/www.yungayino.cl\/noticias\/index.php?rest_route=%2Fwp%2Fv2%2Fcomments&post=7814"}],"version-history":[{"count":6,"href":"https:\/\/www.yungayino.cl\/noticias\/index.php?rest_route=\/wp\/v2\/posts\/7814\/revisions"}],"predecessor-version":[{"id":7820,"href":"https:\/\/www.yungayino.cl\/noticias\/index.php?rest_route=\/wp\/v2\/posts\/7814\/revisions\/7820"}],"wp:featuredmedia":[{"embeddable":true,"href":"https:\/\/www.yungayino.cl\/noticias\/index.php?rest_route=\/wp\/v2\/media\/15957"}],"wp:attachment":[{"href":"https:\/\/www.yungayino.cl\/noticias\/index.php?rest_route=%2Fwp%2Fv2%2Fmedia&parent=7814"}],"wp:term":[{"taxonomy":"category","embeddable":true,"href":"https:\/\/www.yungayino.cl\/noticias\/index.php?rest_route=%2Fwp%2Fv2%2Fcategories&post=7814"},{"taxonomy":"post_tag","embeddable":true,"href":"https:\/\/www.yungayino.cl\/noticias\/index.php?rest_route=%2Fwp%2Fv2%2Ftags&post=7814"}],"curies":[{"name":"wp","href":"https:\/\/api.w.org\/{rel}","templated":true}]}}