{"id":783,"date":"2009-03-30T12:00:00","date_gmt":"2009-03-30T16:00:00","guid":{"rendered":"http:\/\/www.yungayino.cl\/noticias\/?p=783"},"modified":"2009-03-30T23:00:41","modified_gmt":"2009-03-31T03:00:41","slug":"reencuentro-familiar-despues-de-30-anos-en-yungay","status":"publish","type":"post","link":"https:\/\/www.yungayino.cl\/noticias\/?p=783","title":{"rendered":"Reencuentro Familiar Despu\u00e9s de 30 A\u00f1os en Yungay"},"content":{"rendered":"<p><img decoding=\"async\" src=\"http:\/\/www.yungayino.cl\/imagenes\/reencuentrofamiliar.jpg\" alt=\"Reencuentro Familiar en Yungay\" \/><\/p>\n<p align=\"justify\"><font size=\"2\">Todo comenz\u00f3 con un llamado telef\u00f3nico desde Concepci\u00f3n a la Cuarta Comisar\u00eda de Yungay, donde una mujer identificada como Karen Elena Carrasco Sanhueza de 30 a\u00f1os comunicaba al Suboficial Lu\u00eds Quezada las ganas que ten\u00eda de conocer a su padre. Fue as\u00ed como se comenzaron a realizar las diligencias para dar con el paradero de don Jos\u00e9 Eugenio Carrasco Leiva, al cabo de dos meses de investigaciones se logr\u00f3 dar con su domicilio, qui\u00e9n estaba al tanto de la existencia de esta hija y reconoc\u00eda haber tenido contacto con ella hasta los dos a\u00f1os de edad. Teniendo buena acogida por parte de don Jos\u00e9 Carrasco y su familia se procedi\u00f3 a coordinar un encuentro para el domingo 20 de marzo a las 10:30 horas en dependencias de la Cuarta Comisar\u00eda de Yungay. El Suboficial Quezada por su parte estaba muy contento de haber reunido a una nueva familia y al ver cumplido el sue\u00f1o de Karen al querer conocer a su padre. Cabe rescatar que no es la primera vez que se realiza un reencuentro en nuestra comuna, gracias a las acciones realizadas por Carabineros de Yungay. <a href=\"http:\/\/www.flickr.com\/photos\/35600891@N07\/tags\/reencuentrofamiliar\/\">Fotograf\u00edas<\/a><\/font><\/p>\n","protected":false},"excerpt":{"rendered":"<p>Todo comenz\u00f3 con un llamado telef\u00f3nico desde Concepci\u00f3n a la Cuarta Comisar\u00eda de Yungay, donde una mujer identificada como Karen Elena Carrasco Sanhueza de 30 a\u00f1os comunicaba al Suboficial Lu\u00eds Quezada las ganas que&#46;&#46;&#46;<\/p>\n","protected":false},"author":2,"featured_media":14958,"comment_status":"open","ping_status":"open","sticky":false,"template":"","format":"standard","meta":{"footnotes":""},"categories":[1],"tags":[1115,8,6],"class_list":["post-783","post","type-post","status-publish","format-standard","has-post-thumbnail","hentry","category-noticias","tag-noticias","tag-yungay","tag-yungayino"],"_links":{"self":[{"href":"https:\/\/www.yungayino.cl\/noticias\/index.php?rest_route=\/wp\/v2\/posts\/783","targetHints":{"allow":["GET"]}}],"collection":[{"href":"https:\/\/www.yungayino.cl\/noticias\/index.php?rest_route=\/wp\/v2\/posts"}],"about":[{"href":"https:\/\/www.yungayino.cl\/noticias\/index.php?rest_route=\/wp\/v2\/types\/post"}],"author":[{"embeddable":true,"href":"https:\/\/www.yungayino.cl\/noticias\/index.php?rest_route=\/wp\/v2\/users\/2"}],"replies":[{"embeddable":true,"href":"https:\/\/www.yungayino.cl\/noticias\/index.php?rest_route=%2Fwp%2Fv2%2Fcomments&post=783"}],"version-history":[{"count":4,"href":"https:\/\/www.yungayino.cl\/noticias\/index.php?rest_route=\/wp\/v2\/posts\/783\/revisions"}],"predecessor-version":[{"id":787,"href":"https:\/\/www.yungayino.cl\/noticias\/index.php?rest_route=\/wp\/v2\/posts\/783\/revisions\/787"}],"wp:featuredmedia":[{"embeddable":true,"href":"https:\/\/www.yungayino.cl\/noticias\/index.php?rest_route=\/wp\/v2\/media\/14958"}],"wp:attachment":[{"href":"https:\/\/www.yungayino.cl\/noticias\/index.php?rest_route=%2Fwp%2Fv2%2Fmedia&parent=783"}],"wp:term":[{"taxonomy":"category","embeddable":true,"href":"https:\/\/www.yungayino.cl\/noticias\/index.php?rest_route=%2Fwp%2Fv2%2Fcategories&post=783"},{"taxonomy":"post_tag","embeddable":true,"href":"https:\/\/www.yungayino.cl\/noticias\/index.php?rest_route=%2Fwp%2Fv2%2Ftags&post=783"}],"curies":[{"name":"wp","href":"https:\/\/api.w.org\/{rel}","templated":true}]}}