{"id":7847,"date":"2012-08-06T18:00:37","date_gmt":"2012-08-06T22:00:37","guid":{"rendered":"http:\/\/www.yungayino.cl\/noticias\/?p=7847"},"modified":"2012-08-06T23:55:27","modified_gmt":"2012-08-07T03:55:27","slug":"fallece-conocido-matrimonio-de-yungay-en-fatal-accidente","status":"publish","type":"post","link":"https:\/\/www.yungayino.cl\/noticias\/?p=7847","title":{"rendered":"Fallece Conocido Matrimonio de Yungay en Fatal Accidente"},"content":{"rendered":"<p><img loading=\"lazy\" decoding=\"async\" src=\"http:\/\/www.yungayino.cl\/imagenes\/familiacorreaaedo.jpg\" alt=\"YUNGAYINO.CL - El Portal de Yungay\" width=\"500\" height=\"200\" \/><\/p>\n<p><span style=\"font-family: arial,helvetica,sans-serif;\"><span style=\"font-size: small;\">Yungay, lunes 06 de agosto una tragedia enluta a respetables familias yungayinas, tras perder la vida el matrimonio compuesto por don Juan Francisco Correa Parra de 73 a\u00f1os y su se\u00f1ora Mercedes Aedo Cid de 74 a\u00f1os. El fatal accidente se produjo en horas de esta ma\u00f1ana a la altura del kil\u00f3metro 6 de la ruta entre Chill\u00e1n y Yungay. Las v\u00edctimas que iban a bordo del veh\u00edculo menor, se dirig\u00edan hacia Chill\u00e1n y tras colisionar con un cami\u00f3n, que lo hac\u00eda en sentido contrario, se volcaron a un costado de la ruta. Mencionar que sus restos est\u00e1n siendo velados en la que fuese su casa habitaci\u00f3n ubicada en Calle Pisagua N\u00ba 232 y sus funerales se efectuar\u00e1n el d\u00eda Mi\u00e9rcoles 08  a las 12:00 horas en la Parroquia San Miguel de nuestra comuna. El Equipo del Portal Yungayino.cl se adhiere al dolor de la familia Correa Aedo en este dif\u00edcil momento.<\/span><\/span><\/p>\n<p><a href=\"http:\/\/www.yungayino.cl\/noticias\/?p=7847#comments\"><span style=\"font-family: arial,helvetica,sans-serif;\"><span style=\"font-size: small;\">Saludos de Condolencias Aqu\u00ed<\/span><\/span><\/a><\/p>\n<p><a href=\"http:\/\/www.yungayino.cl\/noticias\/?p=7839\"><span style=\"font-family: arial,helvetica,sans-serif;\"><span style=\"font-size: small;\">M\u00e1s Informaci\u00f3n<\/span><\/span><\/a><\/p>\n","protected":false},"excerpt":{"rendered":"<p>Yungay, lunes 06 de agosto una tragedia enluta a respetables familias yungayinas, tras perder la vida el matrimonio compuesto por don Juan Francisco Correa Parra de 73 a\u00f1os y su se\u00f1ora Mercedes Aedo Cid&#46;&#46;&#46;<\/p>\n","protected":false},"author":2,"featured_media":15963,"comment_status":"open","ping_status":"open","sticky":false,"template":"","format":"standard","meta":{"footnotes":""},"categories":[1],"tags":[513,1115,8,6],"class_list":["post-7847","post","type-post","status-publish","format-standard","has-post-thumbnail","hentry","category-noticias","tag-familia-correa-aedo","tag-noticias","tag-yungay","tag-yungayino"],"_links":{"self":[{"href":"https:\/\/www.yungayino.cl\/noticias\/index.php?rest_route=\/wp\/v2\/posts\/7847","targetHints":{"allow":["GET"]}}],"collection":[{"href":"https:\/\/www.yungayino.cl\/noticias\/index.php?rest_route=\/wp\/v2\/posts"}],"about":[{"href":"https:\/\/www.yungayino.cl\/noticias\/index.php?rest_route=\/wp\/v2\/types\/post"}],"author":[{"embeddable":true,"href":"https:\/\/www.yungayino.cl\/noticias\/index.php?rest_route=\/wp\/v2\/users\/2"}],"replies":[{"embeddable":true,"href":"https:\/\/www.yungayino.cl\/noticias\/index.php?rest_route=%2Fwp%2Fv2%2Fcomments&post=7847"}],"version-history":[{"count":5,"href":"https:\/\/www.yungayino.cl\/noticias\/index.php?rest_route=\/wp\/v2\/posts\/7847\/revisions"}],"predecessor-version":[{"id":7852,"href":"https:\/\/www.yungayino.cl\/noticias\/index.php?rest_route=\/wp\/v2\/posts\/7847\/revisions\/7852"}],"wp:featuredmedia":[{"embeddable":true,"href":"https:\/\/www.yungayino.cl\/noticias\/index.php?rest_route=\/wp\/v2\/media\/15963"}],"wp:attachment":[{"href":"https:\/\/www.yungayino.cl\/noticias\/index.php?rest_route=%2Fwp%2Fv2%2Fmedia&parent=7847"}],"wp:term":[{"taxonomy":"category","embeddable":true,"href":"https:\/\/www.yungayino.cl\/noticias\/index.php?rest_route=%2Fwp%2Fv2%2Fcategories&post=7847"},{"taxonomy":"post_tag","embeddable":true,"href":"https:\/\/www.yungayino.cl\/noticias\/index.php?rest_route=%2Fwp%2Fv2%2Ftags&post=7847"}],"curies":[{"name":"wp","href":"https:\/\/api.w.org\/{rel}","templated":true}]}}