{"id":7861,"date":"2012-08-08T18:00:16","date_gmt":"2012-08-08T22:00:16","guid":{"rendered":"http:\/\/www.yungayino.cl\/noticias\/?p=7861"},"modified":"2012-08-08T22:15:53","modified_gmt":"2012-08-09T02:15:53","slug":"emotivo-y-masivo-adios-de-yungay-a-conocido-matrimonio","status":"publish","type":"post","link":"https:\/\/www.yungayino.cl\/noticias\/?p=7861","title":{"rendered":"Emotivo y Masivo Adi\u00f3s de Yungay a Conocido Matrimonio"},"content":{"rendered":"<p><img loading=\"lazy\" decoding=\"async\" src=\"http:\/\/www.yungayino.cl\/imagenes\/funeralcorreaaedo.jpg\" alt=\"YUNGAYINO.CL - El Portal de Yungay\" width=\"500\" height=\"200\" \/><\/p>\n<p><span style=\"font-family: arial,helvetica,sans-serif;\"><span style=\"font-size: small;\">Yungay 08 de agosto 2012, en medio de una profunda conmoci\u00f3n familiar fue despedido el matrimonio compuesto por don Juan Francisco Correa Parra de 73 a\u00f1os y su se\u00f1ora Mercedes Aedo Cid de 74 a\u00f1os, quienes fallecieron el pasado lunes en la ma\u00f1ana a consecuencia de un fatal accidente de transito en la ruta que une Chill\u00e1n con Yungay. La Parroquia San Miguel de nuestra comuna acogi\u00f3 el funeral donde un centenar de personas acudieron para dar el \u00faltimo adi\u00f3s al conocido matrimonio.<\/span><\/span><\/p>\n<p><a href=\"http:\/\/www.facebook.com\/media\/set\/?set=a.505816282766749.131882.159561284058919&amp;type=1\"><span style=\"font-family: arial,helvetica,sans-serif;\"><span style=\"font-size: small;\">fotograf\u00edas<\/span><\/span><\/a><\/p>\n","protected":false},"excerpt":{"rendered":"<p>Yungay 08 de agosto 2012, en medio de una profunda conmoci\u00f3n familiar fue despedido el matrimonio compuesto por don Juan Francisco Correa Parra de 73 a\u00f1os y su se\u00f1ora Mercedes Aedo Cid de 74&#46;&#46;&#46;<\/p>\n","protected":false},"author":2,"featured_media":15966,"comment_status":"open","ping_status":"open","sticky":false,"template":"","format":"standard","meta":{"footnotes":""},"categories":[1],"tags":[513,398,1115,8,6],"class_list":["post-7861","post","type-post","status-publish","format-standard","has-post-thumbnail","hentry","category-noticias","tag-familia-correa-aedo","tag-funeral","tag-noticias","tag-yungay","tag-yungayino"],"_links":{"self":[{"href":"https:\/\/www.yungayino.cl\/noticias\/index.php?rest_route=\/wp\/v2\/posts\/7861","targetHints":{"allow":["GET"]}}],"collection":[{"href":"https:\/\/www.yungayino.cl\/noticias\/index.php?rest_route=\/wp\/v2\/posts"}],"about":[{"href":"https:\/\/www.yungayino.cl\/noticias\/index.php?rest_route=\/wp\/v2\/types\/post"}],"author":[{"embeddable":true,"href":"https:\/\/www.yungayino.cl\/noticias\/index.php?rest_route=\/wp\/v2\/users\/2"}],"replies":[{"embeddable":true,"href":"https:\/\/www.yungayino.cl\/noticias\/index.php?rest_route=%2Fwp%2Fv2%2Fcomments&post=7861"}],"version-history":[{"count":2,"href":"https:\/\/www.yungayino.cl\/noticias\/index.php?rest_route=\/wp\/v2\/posts\/7861\/revisions"}],"predecessor-version":[{"id":7863,"href":"https:\/\/www.yungayino.cl\/noticias\/index.php?rest_route=\/wp\/v2\/posts\/7861\/revisions\/7863"}],"wp:featuredmedia":[{"embeddable":true,"href":"https:\/\/www.yungayino.cl\/noticias\/index.php?rest_route=\/wp\/v2\/media\/15966"}],"wp:attachment":[{"href":"https:\/\/www.yungayino.cl\/noticias\/index.php?rest_route=%2Fwp%2Fv2%2Fmedia&parent=7861"}],"wp:term":[{"taxonomy":"category","embeddable":true,"href":"https:\/\/www.yungayino.cl\/noticias\/index.php?rest_route=%2Fwp%2Fv2%2Fcategories&post=7861"},{"taxonomy":"post_tag","embeddable":true,"href":"https:\/\/www.yungayino.cl\/noticias\/index.php?rest_route=%2Fwp%2Fv2%2Ftags&post=7861"}],"curies":[{"name":"wp","href":"https:\/\/api.w.org\/{rel}","templated":true}]}}