{"id":7864,"date":"2012-08-10T08:00:20","date_gmt":"2012-08-10T12:00:20","guid":{"rendered":"http:\/\/www.yungayino.cl\/noticias\/?p=7864"},"modified":"2012-08-10T10:43:10","modified_gmt":"2012-08-10T14:43:10","slug":"reo-que-gozaba-de-libertad-provisional-en-yungay-es-condenado-a-10-anos-de-carcel","status":"publish","type":"post","link":"https:\/\/www.yungayino.cl\/noticias\/?p=7864","title":{"rendered":"Reo que Gozaba de Libertad Provisional en Yungay es Condenado a 10 a\u00f1os de C\u00e1rcel"},"content":{"rendered":"<p><img loading=\"lazy\" decoding=\"async\" src=\"http:\/\/www.yungayino.cl\/imagenes\/carcelyungay.jpg\" alt=\"YUNGAYINO.CL - El Portal de Yungay\" width=\"500\" height=\"200\" \/><\/p>\n<p><span style=\"font-family: arial,helvetica,sans-serif;\"><span style=\"font-size: small;\">Yungay, un reo que gozaba de libertad provisional fue condenado a 10 a\u00f1os de prisi\u00f3n efectiva, luego que cometiera un delito en Yungay, provincia de \u00d1uble, mientras contaba con el beneficio. El protagonista es Jos\u00e9 S\u00e1nchez N\u00fa\u00f1ez, de 35 a\u00f1os, quien cumpl\u00eda el \u00faltimo per\u00edodo de una condena por robo en lugar habitado, cometido en Chill\u00e1n el 2005, y permanec\u00eda en el Centro de Educaci\u00f3n y Trabajo (CET) de gendarmer\u00eda, en la comuna de Yungay. En este recinto fue beneficiado con libertad provisional durante los fines de semana, por lo que viajaba a la capital de \u00d1uble a visitar a familiares, debiendo internarse los domingos. De acuerdo a los antecedentes reunidos en la investigaci\u00f3n dirigida por el fiscal Jefe de Yungay, Mario Lobos, al anochecer del 15 de mayo del a\u00f1o pasado, antes de volver al centro de reclusi\u00f3n, el acusado entr\u00f3 a una casa de calle Angamos, apropi\u00e1ndose de diversas alhajas de oro, entre ellas cuatro anillos, un collar y una cadena. En el juicio oral desarrollado durante los \u00faltimos d\u00edas se comprob\u00f3 que cuando estaba cometiendo el delito, Jos\u00e9 S\u00e1nchez fue sorprendido por la pareja que resid\u00eda en el inmueble y el due\u00f1o de casa lo enfrent\u00f3 tratando de reducirlo, pero el imputado, con un cuchillo en la mano, lo intimid\u00f3 coloc\u00e1ndole el arma blanca en el cuello, para luego darse a la fuga. La fiscal\u00eda lo acus\u00f3 de robo con intimidaci\u00f3n y pidi\u00f3 al tribunal que se le aplicara 10 a\u00f1os y 1 d\u00eda de presidio, considerando que registraba una condena anterior que todav\u00eda estaba cumpliendo.<\/span><\/span><\/p>\n","protected":false},"excerpt":{"rendered":"<p>Yungay, un reo que gozaba de libertad provisional fue condenado a 10 a\u00f1os de prisi\u00f3n efectiva, luego que cometiera un delito en Yungay, provincia de \u00d1uble, mientras contaba con el beneficio. El protagonista es&#46;&#46;&#46;<\/p>\n","protected":false},"author":2,"featured_media":15967,"comment_status":"open","ping_status":"open","sticky":false,"template":"","format":"standard","meta":{"footnotes":""},"categories":[1],"tags":[264,1115,8,6],"class_list":["post-7864","post","type-post","status-publish","format-standard","has-post-thumbnail","hentry","category-noticias","tag-carcel-de-yungay","tag-noticias","tag-yungay","tag-yungayino"],"_links":{"self":[{"href":"https:\/\/www.yungayino.cl\/noticias\/index.php?rest_route=\/wp\/v2\/posts\/7864","targetHints":{"allow":["GET"]}}],"collection":[{"href":"https:\/\/www.yungayino.cl\/noticias\/index.php?rest_route=\/wp\/v2\/posts"}],"about":[{"href":"https:\/\/www.yungayino.cl\/noticias\/index.php?rest_route=\/wp\/v2\/types\/post"}],"author":[{"embeddable":true,"href":"https:\/\/www.yungayino.cl\/noticias\/index.php?rest_route=\/wp\/v2\/users\/2"}],"replies":[{"embeddable":true,"href":"https:\/\/www.yungayino.cl\/noticias\/index.php?rest_route=%2Fwp%2Fv2%2Fcomments&post=7864"}],"version-history":[{"count":3,"href":"https:\/\/www.yungayino.cl\/noticias\/index.php?rest_route=\/wp\/v2\/posts\/7864\/revisions"}],"predecessor-version":[{"id":7867,"href":"https:\/\/www.yungayino.cl\/noticias\/index.php?rest_route=\/wp\/v2\/posts\/7864\/revisions\/7867"}],"wp:featuredmedia":[{"embeddable":true,"href":"https:\/\/www.yungayino.cl\/noticias\/index.php?rest_route=\/wp\/v2\/media\/15967"}],"wp:attachment":[{"href":"https:\/\/www.yungayino.cl\/noticias\/index.php?rest_route=%2Fwp%2Fv2%2Fmedia&parent=7864"}],"wp:term":[{"taxonomy":"category","embeddable":true,"href":"https:\/\/www.yungayino.cl\/noticias\/index.php?rest_route=%2Fwp%2Fv2%2Fcategories&post=7864"},{"taxonomy":"post_tag","embeddable":true,"href":"https:\/\/www.yungayino.cl\/noticias\/index.php?rest_route=%2Fwp%2Fv2%2Ftags&post=7864"}],"curies":[{"name":"wp","href":"https:\/\/api.w.org\/{rel}","templated":true}]}}