{"id":7868,"date":"2012-08-10T10:00:11","date_gmt":"2012-08-10T14:00:11","guid":{"rendered":"http:\/\/www.yungayino.cl\/noticias\/?p=7868"},"modified":"2012-08-10T18:03:35","modified_gmt":"2012-08-10T22:03:35","slug":"yungay-inauguro-su-%e2%80%9cprimera-feria-laboral-de-emprendimiento-y-casa-abierta%e2%80%9d","status":"publish","type":"post","link":"https:\/\/www.yungayino.cl\/noticias\/?p=7868","title":{"rendered":"Yungay Inauguro su \u201cPrimera Feria Laboral de Emprendimiento y Casa Abierta\u201d"},"content":{"rendered":"<p><img loading=\"lazy\" decoding=\"async\" src=\"http:\/\/www.yungayino.cl\/imagenes\/ferialaboral20120809.jpg\" alt=\"YUNGAYINO.CL - El Portal de Yungay\" width=\"500\" height=\"200\" \/><\/p>\n<p><span style=\"font-family: arial,helvetica,sans-serif;\"><span style=\"font-size: small;\">Yungay 09 de agosto de 2012 en la Plaza Iquique la Ilustre Municipalidad de\u00a0Yungay en coordinaci\u00f3n con el SERNAM a trav\u00e9s del Programa de la Mujer Trabajadora y Jefa de Hogar, Oficina\u00a0Municipal de Intermediaci\u00f3n Laboral \u201cOMIL\u201d y Fomento Productivo \u201cFP\u201d\u00a0 inauguro la \u201c<strong>Primera Feria Laboral de Emprendimiento y Casa Abierta\u201d.<\/strong> La Feria\u00a0 est\u00e1 compuesta por stands en que m\u00e1s de treinta mujeres ofrecen sus productos de distintos rubros como reposter\u00eda, tejidos y artesan\u00edas. Adem\u00e1s, participan mostrando su oferta laboral y program\u00e1tica el Sence, Sercotec, Fosis, Fondo Esperanza, Empresa Arauco, Indap, Instituto Virginio G\u00f3mez, Santo Tom\u00e1s, Carabineros, Ej\u00e9rcito, Gendarmer\u00eda y PDI, entre otros. En una entrevista al Portal Yungayino.cl el alcalde Pedro\u00a0 Inostroza manifest\u00f3 que el objetivo es\u00a0ejecutar actividades masivas con la finalidad de\u00a0activar el capital social de nuestra comuna, promover el emprendimiento y\u00a0bajar los niveles de desempleo e hizo una invitaci\u00f3n a la comunidad a visitar la feria, la cu\u00e1l se prolongara hasta este viernes 10 de agosto. Mencionar que esta instancia de inauguraci\u00f3n cont\u00f3 con la presencia de Mar\u00eda In\u00e9s Tirapeguy Ramos, Directora Regional del Servicio Nacional de la Mujer, Patricio Osses, Gerente de la Planta Paneles Arauco Trup\u00e1n Cholgu\u00e1n, Autoridades Provinciales y Comunales, Autoridades de las FFAA e Instituciones Gubernamentales y Privadas.<\/span><\/span><\/p>\n<p><a href=\"http:\/\/www.facebook.com\/media\/set\/?set=a.506532846028426.132062.159561284058919&amp;type=1\"><span style=\"font-family: arial,helvetica,sans-serif;\"><span style=\"font-size: small;\">Fotograf\u00edas<\/span><\/span><\/a><\/p>\n<p><a href=\"http:\/\/www.biobiochile.cl\/2012\/08\/10\/yungay-recibe-su-primera-feria-laboral-de-emprendimiento-para-fomentar-el-trabajo-y-el-empleo.shtml\"><span style=\"font-family: arial,helvetica,sans-serif;\"><span style=\"font-size: small;\">Difusi\u00f3n Radio Bio Bio<\/span><\/span><\/a><\/p>\n","protected":false},"excerpt":{"rendered":"<p>Yungay 09 de agosto de 2012 en la Plaza Iquique la Ilustre Municipalidad de\u00a0Yungay en coordinaci\u00f3n con el SERNAM a trav\u00e9s del Programa de la Mujer Trabajadora y Jefa de Hogar, Oficina\u00a0Municipal de Intermediaci\u00f3n&#46;&#46;&#46;<\/p>\n","protected":false},"author":2,"featured_media":15968,"comment_status":"open","ping_status":"open","sticky":false,"template":"","format":"standard","meta":{"footnotes":""},"categories":[1],"tags":[515,1115,8,6],"class_list":["post-7868","post","type-post","status-publish","format-standard","has-post-thumbnail","hentry","category-noticias","tag-1-feria-laboral","tag-noticias","tag-yungay","tag-yungayino"],"_links":{"self":[{"href":"https:\/\/www.yungayino.cl\/noticias\/index.php?rest_route=\/wp\/v2\/posts\/7868","targetHints":{"allow":["GET"]}}],"collection":[{"href":"https:\/\/www.yungayino.cl\/noticias\/index.php?rest_route=\/wp\/v2\/posts"}],"about":[{"href":"https:\/\/www.yungayino.cl\/noticias\/index.php?rest_route=\/wp\/v2\/types\/post"}],"author":[{"embeddable":true,"href":"https:\/\/www.yungayino.cl\/noticias\/index.php?rest_route=\/wp\/v2\/users\/2"}],"replies":[{"embeddable":true,"href":"https:\/\/www.yungayino.cl\/noticias\/index.php?rest_route=%2Fwp%2Fv2%2Fcomments&post=7868"}],"version-history":[{"count":5,"href":"https:\/\/www.yungayino.cl\/noticias\/index.php?rest_route=\/wp\/v2\/posts\/7868\/revisions"}],"predecessor-version":[{"id":7879,"href":"https:\/\/www.yungayino.cl\/noticias\/index.php?rest_route=\/wp\/v2\/posts\/7868\/revisions\/7879"}],"wp:featuredmedia":[{"embeddable":true,"href":"https:\/\/www.yungayino.cl\/noticias\/index.php?rest_route=\/wp\/v2\/media\/15968"}],"wp:attachment":[{"href":"https:\/\/www.yungayino.cl\/noticias\/index.php?rest_route=%2Fwp%2Fv2%2Fmedia&parent=7868"}],"wp:term":[{"taxonomy":"category","embeddable":true,"href":"https:\/\/www.yungayino.cl\/noticias\/index.php?rest_route=%2Fwp%2Fv2%2Fcategories&post=7868"},{"taxonomy":"post_tag","embeddable":true,"href":"https:\/\/www.yungayino.cl\/noticias\/index.php?rest_route=%2Fwp%2Fv2%2Ftags&post=7868"}],"curies":[{"name":"wp","href":"https:\/\/api.w.org\/{rel}","templated":true}]}}