{"id":7896,"date":"2012-08-11T17:00:38","date_gmt":"2012-08-11T21:00:38","guid":{"rendered":"http:\/\/www.yungayino.cl\/noticias\/?p=7896"},"modified":"2012-08-11T19:58:06","modified_gmt":"2012-08-11T23:58:06","slug":"cuerpo-de-bomberos-de-yungay-realizo-jornada-de-capacitacion-a-sus-voluntarios","status":"publish","type":"post","link":"https:\/\/www.yungayino.cl\/noticias\/?p=7896","title":{"rendered":"Cuerpo de Bomberos de Yungay Realizo Jornada de Capacitaci\u00f3n a sus Voluntarios"},"content":{"rendered":"<p><img loading=\"lazy\" decoding=\"async\" src=\"http:\/\/www.yungayino.cl\/imagenes\/bomberoscapacitacion.jpg\" alt=\"YUNGAYINO.CL - El Portal de Yungay\" width=\"500\" height=\"200\" \/><\/p>\n<p><span style=\"font-family: arial,helvetica,sans-serif;\"><span style=\"font-size: small;\">Yungay s\u00e1bado 11 de agosto 2012 el Cuerpo de Bomberos de Yungay realiz\u00f3 \u00a0cursos de capacitaci\u00f3n en <strong>\u201cCuerdas, Nudos e Izamiento de Material\u00bb<\/strong> y <strong>\u201cEscalas para el Control de Incendios\u00bb<\/strong>. Esta importante actividad de capacitaci\u00f3n se realiz\u00f3 en dependencias de la Escuela Fernando Baquedano de nuestra comuna y en ella participaron 26 Voluntarios de los Cuerpos de Bomberos de Pemuco y Yungay. Los cursos fueron impartidos por el instructor de la Academia Nacional de Bomberos ANB Se\u00f1or Andr\u00e9s Varas, con la ayuda de los se\u00f1ores Miguel Cordero y Cristopher Rubilar. Cabe se\u00f1alar que esta jornada se enmarca dentro del plan anual de capacitaciones de la comandancia para el desarrollo continuo de competencias que permita a los Voluntarios ofrecer a la comunidad servicios con un alto est\u00e1ndar de calidad como profesionales de la emergencia.<br \/>\n<a href=\"http:\/\/www.facebook.com\/media\/set\/?set=a.507156015966109.132242.159561284058919&amp;type=1\"> Fotograf\u00edas<\/a><\/span><\/span><\/p>\n","protected":false},"excerpt":{"rendered":"<p>Yungay s\u00e1bado 11 de agosto 2012 el Cuerpo de Bomberos de Yungay realiz\u00f3 \u00a0cursos de capacitaci\u00f3n en \u201cCuerdas, Nudos e Izamiento de Material\u00bb y \u201cEscalas para el Control de Incendios\u00bb. Esta importante actividad de&#46;&#46;&#46;<\/p>\n","protected":false},"author":2,"featured_media":15974,"comment_status":"open","ping_status":"open","sticky":false,"template":"","format":"standard","meta":{"footnotes":""},"categories":[1],"tags":[37,1115,8,6],"class_list":["post-7896","post","type-post","status-publish","format-standard","has-post-thumbnail","hentry","category-noticias","tag-bomberos","tag-noticias","tag-yungay","tag-yungayino"],"_links":{"self":[{"href":"https:\/\/www.yungayino.cl\/noticias\/index.php?rest_route=\/wp\/v2\/posts\/7896","targetHints":{"allow":["GET"]}}],"collection":[{"href":"https:\/\/www.yungayino.cl\/noticias\/index.php?rest_route=\/wp\/v2\/posts"}],"about":[{"href":"https:\/\/www.yungayino.cl\/noticias\/index.php?rest_route=\/wp\/v2\/types\/post"}],"author":[{"embeddable":true,"href":"https:\/\/www.yungayino.cl\/noticias\/index.php?rest_route=\/wp\/v2\/users\/2"}],"replies":[{"embeddable":true,"href":"https:\/\/www.yungayino.cl\/noticias\/index.php?rest_route=%2Fwp%2Fv2%2Fcomments&post=7896"}],"version-history":[{"count":4,"href":"https:\/\/www.yungayino.cl\/noticias\/index.php?rest_route=\/wp\/v2\/posts\/7896\/revisions"}],"predecessor-version":[{"id":7900,"href":"https:\/\/www.yungayino.cl\/noticias\/index.php?rest_route=\/wp\/v2\/posts\/7896\/revisions\/7900"}],"wp:featuredmedia":[{"embeddable":true,"href":"https:\/\/www.yungayino.cl\/noticias\/index.php?rest_route=\/wp\/v2\/media\/15974"}],"wp:attachment":[{"href":"https:\/\/www.yungayino.cl\/noticias\/index.php?rest_route=%2Fwp%2Fv2%2Fmedia&parent=7896"}],"wp:term":[{"taxonomy":"category","embeddable":true,"href":"https:\/\/www.yungayino.cl\/noticias\/index.php?rest_route=%2Fwp%2Fv2%2Fcategories&post=7896"},{"taxonomy":"post_tag","embeddable":true,"href":"https:\/\/www.yungayino.cl\/noticias\/index.php?rest_route=%2Fwp%2Fv2%2Ftags&post=7896"}],"curies":[{"name":"wp","href":"https:\/\/api.w.org\/{rel}","templated":true}]}}