{"id":7915,"date":"2012-08-13T07:00:33","date_gmt":"2012-08-13T11:00:33","guid":{"rendered":"http:\/\/www.yungayino.cl\/noticias\/?p=7915"},"modified":"2012-08-16T19:49:03","modified_gmt":"2012-08-16T23:49:03","slug":"servel-confirma-candidaturas-elecciones-municipales-2012-conozca-quienes-se-postulan-en-yungay","status":"publish","type":"post","link":"https:\/\/www.yungayino.cl\/noticias\/?p=7915","title":{"rendered":"Servel Confirma Candidaturas Elecciones Municipales 2012, Conozca Quienes se Postulan en Yungay"},"content":{"rendered":"<p><img loading=\"lazy\" decoding=\"async\" src=\"http:\/\/www.yungayino.cl\/imagenes\/voto.jpg\" alt=\"YUNGAYINO.CL - El Portal de Yungay\" width=\"500\" height=\"200\" \/><\/p>\n<p><span style=\"font-family: arial,helvetica,sans-serif;\"><span style=\"font-size: small;\">Yungay, lunes 13 de agosto el SERVEL confirmo este domingo 12 de agosto a trav\u00e9s del diario oficial El Sur los candidatos que se confirman para postular a los cargos de Alcalde y Concejales para las pr\u00f3ximas elecciones del 28 de octubre 2012. A continuaci\u00f3n su Portal Yungayino.cl le indica la lista de candidatos para los cargos de alcalde (3) y concejales (18) para la comuna de Yungay.<strong> <\/strong>Considerar que<strong> <\/strong>en nuestra comuna se rechazaron 2 postulaciones para concejales las que tienen 5 d\u00edas para revertir la medida.<\/span><\/span><\/p>\n<p><span style=\"font-family: arial,helvetica,sans-serif;\"><span style=\"font-size: small;\"><br \/>\n<\/span><\/span><\/p>\n<ul>\n<li><span style=\"font-family: arial,helvetica,sans-serif;\"><span style=\"font-size: small;\"><strong><span style=\"text-decoration: underline;\">Candidatos Alcalde por la Comuna de Yungay:<\/span><\/strong><\/span><\/span><\/li>\n<\/ul>\n<p><span style=\"font-family: arial,helvetica,sans-serif;\"><span style=\"font-size: small;\"><strong>F. CONCERTACI\u00d3N DEMOCR\u00c1TICA:<\/strong><\/span><\/span><\/p>\n<p><span style=\"font-family: arial,helvetica,sans-serif;\"><span style=\"font-size: small;\">Luis C\u00e1rdenas Astorga (Partido Dem\u00f3crata Cristiano)<\/span><\/span><\/p>\n<p><span style=\"font-family: arial,helvetica,sans-serif;\"><span style=\"font-size: small;\"> <\/span><\/span><\/p>\n<p><strong><span style=\"font-family: arial,helvetica,sans-serif;\"><span style=\"font-size: small;\">H. PACTO COALICI\u00d3N:<\/span><\/span><\/strong><\/p>\n<p><span style=\"font-family: arial,helvetica,sans-serif;\"><span style=\"font-size: small;\">Pedro Inostroza Valenzuela (Uni\u00f3n Dem\u00f3crata Independiente)<\/span><\/span><\/p>\n<p><span style=\"font-family: arial,helvetica,sans-serif;\"><span style=\"font-size: small;\"><strong>CANDIDATURA INDEPENDIENTE:<\/strong><\/span><\/span><\/p>\n<p><span style=\"font-family: arial,helvetica,sans-serif;\"><span style=\"font-size: small;\">Julio Rosales Sep\u00falveda (Independiente)<\/span><\/span><\/p>\n<p><span style=\"font-family: arial,helvetica,sans-serif;\"><span style=\"font-size: small;\"><br \/>\n<\/span><\/span><\/p>\n<p><span style=\"font-family: arial,helvetica,sans-serif;\"><span style=\"font-size: small;\"><strong> <\/strong><\/span><\/span><\/p>\n<ul>\n<li><span style=\"font-family: arial,helvetica,sans-serif;\"><span style=\"font-size: small;\"><strong><span style=\"text-decoration: underline;\">Candidatos a Concejales por la Comuna de Yungay:<\/span><\/strong><\/span><\/span><\/li>\n<\/ul>\n<p><span style=\"font-family: arial,helvetica,sans-serif;\"><span style=\"font-size: small;\"><strong>B. REGIONALISTA E INDEPENDIENTES:<\/strong><\/span><\/span><\/p>\n<p><span style=\"font-family: arial,helvetica,sans-serif;\"><span style=\"font-size: small;\">Blas Rodr\u00edguez Aravena (Partido Regionalista)<\/span><\/span><\/p>\n<p><span style=\"font-family: arial,helvetica,sans-serif;\"><span style=\"font-size: small;\">Robert Melo Esparza (Partido Regionalista)<\/span><\/span><\/p>\n<p><span style=\"font-family: arial,helvetica,sans-serif;\"><span style=\"font-size: small;\">Alain C\u00f3rdova Burgos (Partido Regionalista)<\/span><\/span><\/p>\n<p><span style=\"font-family: arial,helvetica,sans-serif;\"><span style=\"font-size: small;\">Hern\u00e1n Gonz\u00e1lez Ram\u00edrez (Independientes)<\/span><\/span><\/p>\n<p><span style=\"font-family: arial,helvetica,sans-serif;\"><span style=\"font-size: small;\"><strong> <\/strong><\/span><\/span><\/p>\n<p><span style=\"font-family: arial,helvetica,sans-serif;\"><span style=\"font-size: small;\"><strong>E. PACTO POR UN CHILE JUSTO:<\/strong><\/span><\/span><\/p>\n<p><span style=\"font-family: arial,helvetica,sans-serif;\"><span style=\"font-size: small;\">Rudecindo Vielma Bast\u00edas (Subpacto P.RSD e Independientes)<\/span><\/span><\/p>\n<p><span style=\"font-family: arial,helvetica,sans-serif;\"><span style=\"font-size: small;\">Hector Vidal Salinas (Subpacto PC + IC e Independientes) <\/span><\/span><\/p>\n<p><span style=\"font-family: arial,helvetica,sans-serif;\"><span style=\"font-size: small;\">\u00c1lvaro Marchant Contreras (Subpacto PC + IC e Independientes)<\/span><\/span><\/p>\n<p><span style=\"font-family: arial,helvetica,sans-serif;\"><span style=\"font-size: small;\"> <\/span><\/span><\/p>\n<p><span style=\"font-family: arial,helvetica,sans-serif;\"><span style=\"font-size: small;\"><strong>F. CONCERTACI\u00d3N DEMOCR\u00c1TICA:<\/strong><\/span><\/span><\/p>\n<p><span style=\"font-family: arial,helvetica,sans-serif;\"><span style=\"font-size: small;\">Juana Sandoval Rojas (Subpacto PDC e Independientes PDC)<\/span><\/span><\/p>\n<p><span style=\"font-family: arial,helvetica,sans-serif;\"><span style=\"font-size: small;\">Carlos Hormaz\u00e1bal Villagra (Subpacto PDC e Independientes PDC)<\/span><\/span><\/p>\n<p><span style=\"font-family: arial,helvetica,sans-serif;\"><span style=\"font-size: small;\">Rafael Cifuentes Rodr\u00edguez (Subpacto PS e Independientes PS)<\/span><\/span><\/p>\n<p><span style=\"font-family: arial,helvetica,sans-serif;\"><span style=\"font-size: small;\">Bladiel Arteaga Toledo (Independiente)<\/span><\/span><\/p>\n<p><span style=\"font-family: arial,helvetica,sans-serif;\"><span style=\"font-size: small;\">Alicia Henr\u00edquez Mart\u00ednez (Independiente)<\/span><\/span><\/p>\n<p><span style=\"font-family: arial,helvetica,sans-serif;\"><span style=\"font-size: small;\"> <\/span><\/span><\/p>\n<p><span style=\"font-family: arial,helvetica,sans-serif;\"><span style=\"font-size: small;\"><strong>G. PACTO M\u00c1S HUMANOS:<\/strong><\/span><\/span><\/p>\n<p><span style=\"font-family: arial,helvetica,sans-serif;\"><span style=\"font-size: small;\">Jos\u00e9 Veloso Cid (Subpacto MAS e Independientes)<\/span><\/span><\/p>\n<p><span style=\"font-family: arial,helvetica,sans-serif;\"><span style=\"font-size: small;\"> <\/span><\/span><\/p>\n<p><span style=\"font-family: arial,helvetica,sans-serif;\"><span style=\"font-size: small;\"><strong>H. PACTO COALICI\u00d3N:<\/strong><\/span><\/span><\/p>\n<p><span style=\"font-family: arial,helvetica,sans-serif;\"><span style=\"font-size: small;\">Francisco Gui\u00f1ez Arriagada (Subpacto UDI \u00a0e Independientes)<\/span><\/span><\/p>\n<p><span style=\"font-family: arial,helvetica,sans-serif;\"><span style=\"font-size: small;\">V\u00edctor Ojeda Ojeda (Subpacto UDI e Independientes)<\/span><\/span><\/p>\n<p><span style=\"font-family: arial,helvetica,sans-serif;\"><span style=\"font-size: small;\">Jos\u00e9 Miguel Navarrete (Subpacto RN e Independientes)<\/span><\/span><\/p>\n<p><span style=\"font-family: arial,helvetica,sans-serif;\"><span style=\"font-size: small;\">Jos\u00e9 Arroyo Alarc\u00f3n (Subpacto RN e Independientes)<\/span><\/span><\/p>\n<p><span style=\"font-family: arial,helvetica,sans-serif;\"><span style=\"font-size: small;\">Juan Quezada Garrido (Subpacto RN e Independientes)<\/span><\/span><\/p>\n<p><span style=\"font-family: arial,helvetica,sans-serif;\"><span style=\"font-size: small;\"><strong> <\/strong><\/span><\/span><\/p>\n<p><span style=\"font-family: arial,helvetica,sans-serif;\"><span style=\"font-size: small;\">Finalmente si eres candidatos y deseas Publicitar en nuestro Portal para las pr\u00f3ximas Elecciones Municipales 2012 cont\u00e1ctanos a trav\u00e9s de:<\/span><\/span><\/p>\n<p><span style=\"font-size: x-small;\"><span style=\"font-family: arial,helvetica,sans-serif;\"><strong>Fono<\/strong> 97166571 <strong>Correo:<\/strong> <a href=\"mailto:yungayino.cl@hotmail.com\">yungayino.cl@hotmail.com<\/a>; yungayino.cl@gmail.com<\/span><\/span><\/p>\n<p><span style=\"font-family: arial,helvetica,sans-serif;\"><span style=\"font-size: small;\"><a href=\"http:\/\/www.yungayino.cl\/noticias\/?p=7915#comments\">Comente Aqu\u00ed<\/a><br \/>\n<\/span><\/span><\/p>\n","protected":false},"excerpt":{"rendered":"<p>Yungay, lunes 13 de agosto el SERVEL confirmo este domingo 12 de agosto a trav\u00e9s del diario oficial El Sur los candidatos que se confirman para postular a los cargos de Alcalde y Concejales&#46;&#46;&#46;<\/p>\n","protected":false},"author":2,"featured_media":15977,"comment_status":"open","ping_status":"open","sticky":false,"template":"","format":"standard","meta":{"footnotes":""},"categories":[1],"tags":[39,521,520,1115,8,6],"class_list":["post-7915","post","type-post","status-publish","format-standard","has-post-thumbnail","hentry","category-noticias","tag-alcaldes","tag-concejales","tag-elecciones-2012","tag-noticias","tag-yungay","tag-yungayino"],"_links":{"self":[{"href":"https:\/\/www.yungayino.cl\/noticias\/index.php?rest_route=\/wp\/v2\/posts\/7915","targetHints":{"allow":["GET"]}}],"collection":[{"href":"https:\/\/www.yungayino.cl\/noticias\/index.php?rest_route=\/wp\/v2\/posts"}],"about":[{"href":"https:\/\/www.yungayino.cl\/noticias\/index.php?rest_route=\/wp\/v2\/types\/post"}],"author":[{"embeddable":true,"href":"https:\/\/www.yungayino.cl\/noticias\/index.php?rest_route=\/wp\/v2\/users\/2"}],"replies":[{"embeddable":true,"href":"https:\/\/www.yungayino.cl\/noticias\/index.php?rest_route=%2Fwp%2Fv2%2Fcomments&post=7915"}],"version-history":[{"count":15,"href":"https:\/\/www.yungayino.cl\/noticias\/index.php?rest_route=\/wp\/v2\/posts\/7915\/revisions"}],"predecessor-version":[{"id":7942,"href":"https:\/\/www.yungayino.cl\/noticias\/index.php?rest_route=\/wp\/v2\/posts\/7915\/revisions\/7942"}],"wp:featuredmedia":[{"embeddable":true,"href":"https:\/\/www.yungayino.cl\/noticias\/index.php?rest_route=\/wp\/v2\/media\/15977"}],"wp:attachment":[{"href":"https:\/\/www.yungayino.cl\/noticias\/index.php?rest_route=%2Fwp%2Fv2%2Fmedia&parent=7915"}],"wp:term":[{"taxonomy":"category","embeddable":true,"href":"https:\/\/www.yungayino.cl\/noticias\/index.php?rest_route=%2Fwp%2Fv2%2Fcategories&post=7915"},{"taxonomy":"post_tag","embeddable":true,"href":"https:\/\/www.yungayino.cl\/noticias\/index.php?rest_route=%2Fwp%2Fv2%2Ftags&post=7915"}],"curies":[{"name":"wp","href":"https:\/\/api.w.org\/{rel}","templated":true}]}}