{"id":7928,"date":"2012-08-13T12:00:00","date_gmt":"2012-08-13T16:00:00","guid":{"rendered":"http:\/\/www.yungayino.cl\/noticias\/?p=7928"},"modified":"2012-08-13T13:40:59","modified_gmt":"2012-08-13T17:40:59","slug":"empresa-arauco-firma-convenio-con-liceo-a-17-de-yungay","status":"publish","type":"post","link":"https:\/\/www.yungayino.cl\/noticias\/?p=7928","title":{"rendered":"Empresa Arauco Firma Convenio con Liceo A &#8211; 17 de Yungay"},"content":{"rendered":"<p><img loading=\"lazy\" decoding=\"async\" src=\"http:\/\/www.yungayino.cl\/imagenes\/convenioliceoarauco2012.jpg\" alt=\"YUNGAYINO.CL - El Portal de Yungay\" width=\"500\" height=\"200\" \/><\/p>\n<p><span style=\"font-family: arial,helvetica,sans-serif;\"><span style=\"font-size: small;\">Yungay, un importante convenio se firmo entre la Empresa Arauco y el Liceo A &#8211; 17 de Yungay. La ceremonia de formalizaci\u00f3n del convenio se realizo el pasado mi\u00e9rcoles 08 de agosto en las dependencias de la Biblioteca Municipal, el cu\u00e1l permitir\u00e1 que los alumnos de este establecimiento educacional realicen sus pr\u00e1cticas profesionales y asistan a charlas magistrales en las diversas plantas del Complejo Forestal Industrial de Cholgu\u00e1n. Se\u00f1alar que la ceremonia cont\u00f3 con la asistencia del alcalde Pedro Inostroza, el Subgerente de Asuntos P\u00fablicos de Arauco, Guillermo Mendoza, el Gerente de la Planta Paneles Arauco Trup\u00e1n Cholgu\u00e1n, Patricio Osses, el Gerente de Aserradero Arauco, Cristian Chacana, el Gerente de Remanufactura, Rodrigo Inostroza, la Directora del Liceo Ang\u00e9lica Reyes, Concejales, Profesores, Apoderados\u00a0 y Alumnos.<\/span><\/span><\/p>\n<p><a href=\"http:\/\/www.facebook.com\/media\/set\/?set=a.507896399225404.132486.159561284058919&amp;type=1\"><span style=\"font-family: arial,helvetica,sans-serif;\"><span style=\"font-size: small;\">Fotograf\u00edas<\/span><\/span><\/a><\/p>\n","protected":false},"excerpt":{"rendered":"<p>Yungay, un importante convenio se firmo entre la Empresa Arauco y el Liceo A &#8211; 17 de Yungay. La ceremonia de formalizaci\u00f3n del convenio se realizo el pasado mi\u00e9rcoles 08 de agosto en las&#46;&#46;&#46;<\/p>\n","protected":false},"author":2,"featured_media":15978,"comment_status":"open","ping_status":"open","sticky":false,"template":"","format":"standard","meta":{"footnotes":""},"categories":[1],"tags":[350,35,387,1115,8,6],"class_list":["post-7928","post","type-post","status-publish","format-standard","has-post-thumbnail","hentry","category-noticias","tag-arauco","tag-cholguan","tag-liceo-a-17","tag-noticias","tag-yungay","tag-yungayino"],"_links":{"self":[{"href":"https:\/\/www.yungayino.cl\/noticias\/index.php?rest_route=\/wp\/v2\/posts\/7928","targetHints":{"allow":["GET"]}}],"collection":[{"href":"https:\/\/www.yungayino.cl\/noticias\/index.php?rest_route=\/wp\/v2\/posts"}],"about":[{"href":"https:\/\/www.yungayino.cl\/noticias\/index.php?rest_route=\/wp\/v2\/types\/post"}],"author":[{"embeddable":true,"href":"https:\/\/www.yungayino.cl\/noticias\/index.php?rest_route=\/wp\/v2\/users\/2"}],"replies":[{"embeddable":true,"href":"https:\/\/www.yungayino.cl\/noticias\/index.php?rest_route=%2Fwp%2Fv2%2Fcomments&post=7928"}],"version-history":[{"count":2,"href":"https:\/\/www.yungayino.cl\/noticias\/index.php?rest_route=\/wp\/v2\/posts\/7928\/revisions"}],"predecessor-version":[{"id":7930,"href":"https:\/\/www.yungayino.cl\/noticias\/index.php?rest_route=\/wp\/v2\/posts\/7928\/revisions\/7930"}],"wp:featuredmedia":[{"embeddable":true,"href":"https:\/\/www.yungayino.cl\/noticias\/index.php?rest_route=\/wp\/v2\/media\/15978"}],"wp:attachment":[{"href":"https:\/\/www.yungayino.cl\/noticias\/index.php?rest_route=%2Fwp%2Fv2%2Fmedia&parent=7928"}],"wp:term":[{"taxonomy":"category","embeddable":true,"href":"https:\/\/www.yungayino.cl\/noticias\/index.php?rest_route=%2Fwp%2Fv2%2Fcategories&post=7928"},{"taxonomy":"post_tag","embeddable":true,"href":"https:\/\/www.yungayino.cl\/noticias\/index.php?rest_route=%2Fwp%2Fv2%2Ftags&post=7928"}],"curies":[{"name":"wp","href":"https:\/\/api.w.org\/{rel}","templated":true}]}}