{"id":8223,"date":"2012-09-16T18:15:49","date_gmt":"2012-09-16T22:15:49","guid":{"rendered":"http:\/\/www.yungayino.cl\/noticias\/?p=8223"},"modified":"2012-09-16T18:15:49","modified_gmt":"2012-09-16T22:15:49","slug":"empresa-paneles-arauco-celebro-fiestas-patrias-junto-a-sus-trabajadores-en-cholguan","status":"publish","type":"post","link":"https:\/\/www.yungayino.cl\/noticias\/?p=8223","title":{"rendered":"Empresa Paneles Arauco Celebr\u00f3 Fiestas Patrias Junto a sus Trabajadores en Cholgu\u00e1n"},"content":{"rendered":"<p><img loading=\"lazy\" decoding=\"async\" src=\"http:\/\/www.yungayino.cl\/imagenes\/panelesarauco201209.jpg\" alt=\"YUNGAYINO.CL - El Portal de Yungay\" width=\"500\" height=\"200\" \/><\/p>\n<p><span style=\"font-size: small; font-family: arial,helvetica,sans-serif;\">Cholgu\u00e1n viernes 14 de septiembre a partir de las 12:00 horas en las instalaciones del Complejo Deportivo de Paneles Arauco, la Empresa Paneles Arauco Planta Trup\u00e1n Cholgu\u00e1n, realiz\u00f3 un almuerzo t\u00edpico con motivo de Fiestas Patrias a todos sus colaboradores, el cual estuvo amenizado por el Conjunto Folcl\u00f3rico \u201cAllipen\u201d, el cual esta conformado por trabajadores de la planta, adem\u00e1s se cont\u00f3 con la participaci\u00f3n de Los Huasos del Bio Bio, la actividad estuvo encabezada por su Gerente Sr. Patricio Oses Zapata. Adem\u00e1s mencionar que durante la actividad los asistentes pudieron poner a prueba sus habilidades y as\u00ed competir en carreras en saco, el emboque, el trompo y tirar la cuerda, entre otros y recibieron muy buenos premios.<\/span><\/p>\n<p><a href=\"http:\/\/www.facebook.com\/media\/set\/?set=a.523042591044118.136538.159561284058919&amp;type=1\"><span style=\"font-size: small; font-family: arial,helvetica,sans-serif;\">Fotograf\u00edas<\/span><\/a><\/p>\n","protected":false},"excerpt":{"rendered":"<p>Cholgu\u00e1n viernes 14 de septiembre a partir de las 12:00 horas en las instalaciones del Complejo Deportivo de Paneles Arauco, la Empresa Paneles Arauco Planta Trup\u00e1n Cholgu\u00e1n, realiz\u00f3 un almuerzo t\u00edpico con motivo de&#46;&#46;&#46;<\/p>\n","protected":false},"author":2,"featured_media":16027,"comment_status":"open","ping_status":"open","sticky":false,"template":"","format":"standard","meta":{"footnotes":""},"categories":[5,1],"tags":[],"class_list":["post-8223","post","type-post","status-publish","format-standard","has-post-thumbnail","hentry","category-eventos","category-noticias"],"_links":{"self":[{"href":"https:\/\/www.yungayino.cl\/noticias\/index.php?rest_route=\/wp\/v2\/posts\/8223","targetHints":{"allow":["GET"]}}],"collection":[{"href":"https:\/\/www.yungayino.cl\/noticias\/index.php?rest_route=\/wp\/v2\/posts"}],"about":[{"href":"https:\/\/www.yungayino.cl\/noticias\/index.php?rest_route=\/wp\/v2\/types\/post"}],"author":[{"embeddable":true,"href":"https:\/\/www.yungayino.cl\/noticias\/index.php?rest_route=\/wp\/v2\/users\/2"}],"replies":[{"embeddable":true,"href":"https:\/\/www.yungayino.cl\/noticias\/index.php?rest_route=%2Fwp%2Fv2%2Fcomments&post=8223"}],"version-history":[{"count":6,"href":"https:\/\/www.yungayino.cl\/noticias\/index.php?rest_route=\/wp\/v2\/posts\/8223\/revisions"}],"predecessor-version":[{"id":8229,"href":"https:\/\/www.yungayino.cl\/noticias\/index.php?rest_route=\/wp\/v2\/posts\/8223\/revisions\/8229"}],"wp:featuredmedia":[{"embeddable":true,"href":"https:\/\/www.yungayino.cl\/noticias\/index.php?rest_route=\/wp\/v2\/media\/16027"}],"wp:attachment":[{"href":"https:\/\/www.yungayino.cl\/noticias\/index.php?rest_route=%2Fwp%2Fv2%2Fmedia&parent=8223"}],"wp:term":[{"taxonomy":"category","embeddable":true,"href":"https:\/\/www.yungayino.cl\/noticias\/index.php?rest_route=%2Fwp%2Fv2%2Fcategories&post=8223"},{"taxonomy":"post_tag","embeddable":true,"href":"https:\/\/www.yungayino.cl\/noticias\/index.php?rest_route=%2Fwp%2Fv2%2Ftags&post=8223"}],"curies":[{"name":"wp","href":"https:\/\/api.w.org\/{rel}","templated":true}]}}