{"id":8230,"date":"2012-09-16T18:54:42","date_gmt":"2012-09-16T22:54:42","guid":{"rendered":"http:\/\/www.yungayino.cl\/noticias\/?p=8230"},"modified":"2012-09-16T18:54:42","modified_gmt":"2012-09-16T22:54:42","slug":"colegio-divina-pastora-celebro-fiestas-patrias-2012","status":"publish","type":"post","link":"https:\/\/www.yungayino.cl\/noticias\/?p=8230","title":{"rendered":"Colegio Divina Pastora Celebr\u00f3 Fiestas Patrias 2012"},"content":{"rendered":"<p><img loading=\"lazy\" decoding=\"async\" src=\"http:\/\/www.yungayino.cl\/imagenes\/divinapastora201209.jpg\" alt=\"YUNGAYINO.CL - El Portal de Yungay\" width=\"500\" height=\"200\" \/><\/p>\n<p><span style=\"font-size: small; font-family: arial,helvetica,sans-serif;\">Yungay, viernes 14 septiembre 2012, el Colegio Divina Pastora realiz\u00f3 una actividad con motivo de la celebraci\u00f3n de fiestas patrias 2012 \u00a0en las dependencias del establecimiento educacional, donde los alumnos disfrutaron de un desayuno en sus respectivas salas, para posteriormente dirigirse al sal\u00f3n del colegio, donde participaron activamente de los bailes, cada uno con sus vestimentas preparadas especialmente para la ocasi\u00f3n, demostrando as\u00ed sus dotes de artistas. En esta actividad participaron su Directora Titular, Madre Enriqueta S\u00e1nchez y su Director Pedag\u00f3gico Rogelio Pinilla V\u00e1squez, adem\u00e1s de profesores, padres y apoderados, quienes demostraban lo orgulloso que se sent\u00eda de sus hijos al verlos bailar nuestro baile nacional.<\/span><\/p>\n<p><a href=\"http:\/\/www.facebook.com\/media\/set\/?set=a.523054461042931.136539.159561284058919&amp;type=1\"><span style=\"font-size: small; font-family: arial,helvetica,sans-serif;\">Fotograf\u00edas<\/span><\/a><\/p>\n","protected":false},"excerpt":{"rendered":"<p>Yungay, viernes 14 septiembre 2012, el Colegio Divina Pastora realiz\u00f3 una actividad con motivo de la celebraci\u00f3n de fiestas patrias 2012 \u00a0en las dependencias del establecimiento educacional, donde los alumnos disfrutaron de un desayuno&#46;&#46;&#46;<\/p>\n","protected":false},"author":2,"featured_media":16028,"comment_status":"open","ping_status":"open","sticky":false,"template":"","format":"standard","meta":{"footnotes":""},"categories":[1],"tags":[],"class_list":["post-8230","post","type-post","status-publish","format-standard","has-post-thumbnail","hentry","category-noticias"],"_links":{"self":[{"href":"https:\/\/www.yungayino.cl\/noticias\/index.php?rest_route=\/wp\/v2\/posts\/8230","targetHints":{"allow":["GET"]}}],"collection":[{"href":"https:\/\/www.yungayino.cl\/noticias\/index.php?rest_route=\/wp\/v2\/posts"}],"about":[{"href":"https:\/\/www.yungayino.cl\/noticias\/index.php?rest_route=\/wp\/v2\/types\/post"}],"author":[{"embeddable":true,"href":"https:\/\/www.yungayino.cl\/noticias\/index.php?rest_route=\/wp\/v2\/users\/2"}],"replies":[{"embeddable":true,"href":"https:\/\/www.yungayino.cl\/noticias\/index.php?rest_route=%2Fwp%2Fv2%2Fcomments&post=8230"}],"version-history":[{"count":4,"href":"https:\/\/www.yungayino.cl\/noticias\/index.php?rest_route=\/wp\/v2\/posts\/8230\/revisions"}],"predecessor-version":[{"id":8234,"href":"https:\/\/www.yungayino.cl\/noticias\/index.php?rest_route=\/wp\/v2\/posts\/8230\/revisions\/8234"}],"wp:featuredmedia":[{"embeddable":true,"href":"https:\/\/www.yungayino.cl\/noticias\/index.php?rest_route=\/wp\/v2\/media\/16028"}],"wp:attachment":[{"href":"https:\/\/www.yungayino.cl\/noticias\/index.php?rest_route=%2Fwp%2Fv2%2Fmedia&parent=8230"}],"wp:term":[{"taxonomy":"category","embeddable":true,"href":"https:\/\/www.yungayino.cl\/noticias\/index.php?rest_route=%2Fwp%2Fv2%2Fcategories&post=8230"},{"taxonomy":"post_tag","embeddable":true,"href":"https:\/\/www.yungayino.cl\/noticias\/index.php?rest_route=%2Fwp%2Fv2%2Ftags&post=8230"}],"curies":[{"name":"wp","href":"https:\/\/api.w.org\/{rel}","templated":true}]}}