{"id":825,"date":"2009-04-06T23:00:04","date_gmt":"2009-04-07T03:00:04","guid":{"rendered":"http:\/\/www.yungayino.cl\/noticias\/?p=825"},"modified":"2009-04-07T21:28:22","modified_gmt":"2009-04-08T01:28:22","slug":"eleccion-de-directiva-en-anfa-yungay-para-periodo-2009-2011","status":"publish","type":"post","link":"https:\/\/www.yungayino.cl\/noticias\/?p=825","title":{"rendered":"Elecci\u00f3n de Directiva en ANFA Yungay Para Periodo 2009-2011"},"content":{"rendered":"<p><img decoding=\"async\" src=\"http:\/\/www.yungayino.cl\/imagenes\/anfayungay.jpg\" alt=\"ANFA Yungay\" \/><\/p>\n<p align=\"justify\"><font size=\"2\">Lunes 06 de abril en oficina de ANFA Yungay se llevo a cabo la elecci\u00f3n de la Directiva para el periodo 2009 \u2013 2011, fue as\u00ed como qued\u00f3 integrada por:<br \/>\nPresidente: Leonardo Cea Alabancin (Grado Vocacional)<br \/>\nVicepresidente: C\u00e9sar Guerra Pelegrini (Alianzas)<br \/>\nSecretario: Patricio Cabezas Vallejos (Juvenil Obrero)<br \/>\nTesorero: Miguel Rebolledo Arteaga (Real Baquedano)<br \/>\n1\u00ba Director: Jaime Cerda (Tres Esquinas)<br \/>\n2\u00ba Director: Mariela Henr\u00edquez Pradenas (Cemafier)<br \/>\n3\u00ba Director: Juan Flores (Municipal)<br \/>\nEn tanto en la comisi\u00f3n fiscalizadora: Alicia Henr\u00edquez Mart\u00ednez (Cemafier); Germ\u00e1n Mardones (Alianza).<\/font><\/p>\n","protected":false},"excerpt":{"rendered":"<p>Lunes 06 de abril en oficina de ANFA Yungay se llevo a cabo la elecci\u00f3n de la Directiva para el periodo 2009 \u2013 2011, fue as\u00ed como qued\u00f3 integrada por: Presidente: Leonardo Cea Alabancin&#46;&#46;&#46;<\/p>\n","protected":false},"author":2,"featured_media":14964,"comment_status":"open","ping_status":"open","sticky":false,"template":"","format":"standard","meta":{"footnotes":""},"categories":[17],"tags":[1120,8,6],"class_list":["post-825","post","type-post","status-publish","format-standard","has-post-thumbnail","hentry","category-deporte","tag-deporte","tag-yungay","tag-yungayino"],"_links":{"self":[{"href":"https:\/\/www.yungayino.cl\/noticias\/index.php?rest_route=\/wp\/v2\/posts\/825","targetHints":{"allow":["GET"]}}],"collection":[{"href":"https:\/\/www.yungayino.cl\/noticias\/index.php?rest_route=\/wp\/v2\/posts"}],"about":[{"href":"https:\/\/www.yungayino.cl\/noticias\/index.php?rest_route=\/wp\/v2\/types\/post"}],"author":[{"embeddable":true,"href":"https:\/\/www.yungayino.cl\/noticias\/index.php?rest_route=\/wp\/v2\/users\/2"}],"replies":[{"embeddable":true,"href":"https:\/\/www.yungayino.cl\/noticias\/index.php?rest_route=%2Fwp%2Fv2%2Fcomments&post=825"}],"version-history":[{"count":4,"href":"https:\/\/www.yungayino.cl\/noticias\/index.php?rest_route=\/wp\/v2\/posts\/825\/revisions"}],"predecessor-version":[{"id":829,"href":"https:\/\/www.yungayino.cl\/noticias\/index.php?rest_route=\/wp\/v2\/posts\/825\/revisions\/829"}],"wp:featuredmedia":[{"embeddable":true,"href":"https:\/\/www.yungayino.cl\/noticias\/index.php?rest_route=\/wp\/v2\/media\/14964"}],"wp:attachment":[{"href":"https:\/\/www.yungayino.cl\/noticias\/index.php?rest_route=%2Fwp%2Fv2%2Fmedia&parent=825"}],"wp:term":[{"taxonomy":"category","embeddable":true,"href":"https:\/\/www.yungayino.cl\/noticias\/index.php?rest_route=%2Fwp%2Fv2%2Fcategories&post=825"},{"taxonomy":"post_tag","embeddable":true,"href":"https:\/\/www.yungayino.cl\/noticias\/index.php?rest_route=%2Fwp%2Fv2%2Ftags&post=825"}],"curies":[{"name":"wp","href":"https:\/\/api.w.org\/{rel}","templated":true}]}}