{"id":8254,"date":"2012-09-16T20:00:47","date_gmt":"2012-09-17T00:00:47","guid":{"rendered":"http:\/\/www.yungayino.cl\/noticias\/?p=8254"},"modified":"2012-09-16T22:52:42","modified_gmt":"2012-09-17T02:52:42","slug":"comuna-de-tucapel-realizo-te-deum-catolico-en-huepil","status":"publish","type":"post","link":"https:\/\/www.yungayino.cl\/noticias\/?p=8254","title":{"rendered":"Comuna de Tucapel Realizo Te Deum Cat\u00f3lico en Hu\u00e9pil"},"content":{"rendered":"<p><img loading=\"lazy\" decoding=\"async\" src=\"http:\/\/www.yungayino.cl\/imagenes\/tedeumtucapel201209.jpg\" alt=\"YUNGAYINO.CL - El Portal de Yungay\" width=\"500\" height=\"200\" \/><\/p>\n<p><span style=\"font-size: small; font-family: arial,helvetica,sans-serif;\">Tucapel, en el marco de la celebraci\u00f3n de las Fiestas Patrias hoy domingo 16 de septiembre se realiz\u00f3 a las 10:00 horas en la Iglesia Cat\u00f3lica de Hu\u00e9pil el tradicional Te Deum. A la actividad asisti\u00f3 la alcaldesa, Dina Guti\u00e9rrez, junto a los concejales, adem\u00e1s de los candidatos a alcalde en la comuna, quienes tambi\u00e9n estaban invitados. En la ocasi\u00f3n el p\u00e1rroco Tom\u00e1s Carrasco manifest\u00f3 que existen motivos para agradecer, ya que vivimos en una Patria libre y con paz, adem\u00e1s se refiri\u00f3 a los desordenes del 11 de septiembre y expres\u00f3 que el llamado es a revisar los corazones y ver si existe rabia. De la misma forma, el p\u00e1rroco felicit\u00f3 a los candidatos a alcalde, ya que tienen anhelo de servir a la comunidad y los inst\u00f3 a luchar por la unidad de toda la zona. Por su parte, la alcaldesa, Dina Guti\u00e9rrez indic\u00f3 que \u201cestas instancias sirven para reunir a la comunidad y darnos cuenta que todos debemos luchar por el bienestar y futuro de nuestra comuna de Tucapel\u201d Finalmente, el p\u00e1rroco Tom\u00e1s Carrasco sobre el Te Deum relat\u00f3 que \u201cla eucarist\u00eda es colocar bajo la mirada de Dios lo que somos, lo que tenemos y hoy d\u00eda en forma especial quer\u00edamos orar a Dios por nuestra Patria, dar gracias a Dios por todo lo que tenemos y de una forma especial realizar una oraci\u00f3n tambi\u00e9n por nuestras futuras autoridades que mi ideal y mi deseo es que sea quien Dios quiera regalarnos\u201d.<\/span><\/p>\n<p><a href=\"http:\/\/www.facebook.com\/media\/set\/?set=a.523142044367506.136563.159561284058919&amp;type=1\"><span style=\"font-size: small; font-family: arial,helvetica,sans-serif;\">Fotograf\u00edas<\/span><\/a><\/p>\n","protected":false},"excerpt":{"rendered":"<p>Tucapel, en el marco de la celebraci\u00f3n de las Fiestas Patrias hoy domingo 16 de septiembre se realiz\u00f3 a las 10:00 horas en la Iglesia Cat\u00f3lica de Hu\u00e9pil el tradicional Te Deum. A la&#46;&#46;&#46;<\/p>\n","protected":false},"author":2,"featured_media":16032,"comment_status":"open","ping_status":"open","sticky":false,"template":"","format":"standard","meta":{"footnotes":""},"categories":[3,1],"tags":[1115,104,8,6],"class_list":["post-8254","post","type-post","status-publish","format-standard","has-post-thumbnail","hentry","category-actualidad","category-noticias","tag-noticias","tag-tucapel","tag-yungay","tag-yungayino"],"_links":{"self":[{"href":"https:\/\/www.yungayino.cl\/noticias\/index.php?rest_route=\/wp\/v2\/posts\/8254","targetHints":{"allow":["GET"]}}],"collection":[{"href":"https:\/\/www.yungayino.cl\/noticias\/index.php?rest_route=\/wp\/v2\/posts"}],"about":[{"href":"https:\/\/www.yungayino.cl\/noticias\/index.php?rest_route=\/wp\/v2\/types\/post"}],"author":[{"embeddable":true,"href":"https:\/\/www.yungayino.cl\/noticias\/index.php?rest_route=\/wp\/v2\/users\/2"}],"replies":[{"embeddable":true,"href":"https:\/\/www.yungayino.cl\/noticias\/index.php?rest_route=%2Fwp%2Fv2%2Fcomments&post=8254"}],"version-history":[{"count":5,"href":"https:\/\/www.yungayino.cl\/noticias\/index.php?rest_route=\/wp\/v2\/posts\/8254\/revisions"}],"predecessor-version":[{"id":8259,"href":"https:\/\/www.yungayino.cl\/noticias\/index.php?rest_route=\/wp\/v2\/posts\/8254\/revisions\/8259"}],"wp:featuredmedia":[{"embeddable":true,"href":"https:\/\/www.yungayino.cl\/noticias\/index.php?rest_route=\/wp\/v2\/media\/16032"}],"wp:attachment":[{"href":"https:\/\/www.yungayino.cl\/noticias\/index.php?rest_route=%2Fwp%2Fv2%2Fmedia&parent=8254"}],"wp:term":[{"taxonomy":"category","embeddable":true,"href":"https:\/\/www.yungayino.cl\/noticias\/index.php?rest_route=%2Fwp%2Fv2%2Fcategories&post=8254"},{"taxonomy":"post_tag","embeddable":true,"href":"https:\/\/www.yungayino.cl\/noticias\/index.php?rest_route=%2Fwp%2Fv2%2Ftags&post=8254"}],"curies":[{"name":"wp","href":"https:\/\/api.w.org\/{rel}","templated":true}]}}