{"id":8279,"date":"2012-09-19T15:05:48","date_gmt":"2012-09-19T19:05:48","guid":{"rendered":"http:\/\/www.yungayino.cl\/noticias\/?p=8279"},"modified":"2012-09-19T15:05:48","modified_gmt":"2012-09-19T19:05:48","slug":"acto-y-desfile-en-fiestas-patrias-se-desarrollo-en-yungay","status":"publish","type":"post","link":"https:\/\/www.yungayino.cl\/noticias\/?p=8279","title":{"rendered":"Acto y Desfile en Fiestas Patrias se Desarrollo en Yungay"},"content":{"rendered":"<p><img loading=\"lazy\" decoding=\"async\" src=\"http:\/\/www.yungayino.cl\/imagenes\/desfile20120918.jpg\" alt=\"YUNGAYINO.CL - El Portal de Yungay\" width=\"500\" height=\"200\" \/><\/p>\n<p><span style=\"font-size: small; font-family: arial,helvetica,sans-serif;\">Yungay 18 de septiembre 2012, con una excelente asistencia de p\u00fablico se llev\u00f3 a cabo el desfile de las fuerzas vivas de la comuna de Yungay, en homenaje a las Fiestas Patrias 2012. El acto c\u00edvico estuvo encabezado por el alcalde Pedro Inostroza, acompa\u00f1ado por el Honorable Concejo Municipal y Autoridades locales. Al desfile asistieron la totalidad de las organizaciones vivas de la comuna, lo que dio a\u00fan m\u00e1s realce y emotividad a la jornada. Escuelas, Juntas de Vecinos, Clubes Deportivos, Clubes de Adulto Mayor, Funcionarios Municipales, Bomberos, formaron parte entre otras organizaciones de una impecable presentaci\u00f3n de Fiestas Patrias en Yungay. El acto comenz\u00f3 con el Himno Nacional y con el mensaje del alcalde, qui\u00e9n hizo un llamado a la unidad y a seguir trabajando todos unidos por el bien de la comuna. Luego se dio inicio al desfile con la marcha de la Banda de Guerra\u00a0 Escolar de Yungay y donde se robo las miradas del p\u00fablico presente la destacada participaci\u00f3n de los Clubes de Huaso de nuestra comuna y del Grupo de arrieros de \u201cCura Weda\u201d. Los alumnos que integran la banda de guerra de nuestra comuna no quisieron dejar pasar la oportunidad de entregar un reconocimiento al Instructor H\u00e9ctor Lagos, por su entrega y apoyo siempre brindado. Finalmente terminado el desfile las autoridades y p\u00fablico se trasladaron al gimnasio multiuso para realizar el tradicional vino de honor.<\/span><\/p>\n<p><a href=\"http:\/\/www.facebook.com\/media\/set\/?set=a.524262860922091.136902.159561284058919&amp;type=1\"><span style=\"font-size: small; font-family: arial,helvetica,sans-serif;\">Fotograf\u00edas<\/span><\/a><\/p>\n","protected":false},"excerpt":{"rendered":"<p>Yungay 18 de septiembre 2012, con una excelente asistencia de p\u00fablico se llev\u00f3 a cabo el desfile de las fuerzas vivas de la comuna de Yungay, en homenaje a las Fiestas Patrias 2012. El&#46;&#46;&#46;<\/p>\n","protected":false},"author":2,"featured_media":16038,"comment_status":"open","ping_status":"open","sticky":false,"template":"","format":"standard","meta":{"footnotes":""},"categories":[3,14,1],"tags":[423,1115,8,6],"class_list":["post-8279","post","type-post","status-publish","format-standard","has-post-thumbnail","hentry","category-actualidad","category-historia","category-noticias","tag-desfile-fiestas-patrias","tag-noticias","tag-yungay","tag-yungayino"],"_links":{"self":[{"href":"https:\/\/www.yungayino.cl\/noticias\/index.php?rest_route=\/wp\/v2\/posts\/8279","targetHints":{"allow":["GET"]}}],"collection":[{"href":"https:\/\/www.yungayino.cl\/noticias\/index.php?rest_route=\/wp\/v2\/posts"}],"about":[{"href":"https:\/\/www.yungayino.cl\/noticias\/index.php?rest_route=\/wp\/v2\/types\/post"}],"author":[{"embeddable":true,"href":"https:\/\/www.yungayino.cl\/noticias\/index.php?rest_route=\/wp\/v2\/users\/2"}],"replies":[{"embeddable":true,"href":"https:\/\/www.yungayino.cl\/noticias\/index.php?rest_route=%2Fwp%2Fv2%2Fcomments&post=8279"}],"version-history":[{"count":5,"href":"https:\/\/www.yungayino.cl\/noticias\/index.php?rest_route=\/wp\/v2\/posts\/8279\/revisions"}],"predecessor-version":[{"id":8284,"href":"https:\/\/www.yungayino.cl\/noticias\/index.php?rest_route=\/wp\/v2\/posts\/8279\/revisions\/8284"}],"wp:featuredmedia":[{"embeddable":true,"href":"https:\/\/www.yungayino.cl\/noticias\/index.php?rest_route=\/wp\/v2\/media\/16038"}],"wp:attachment":[{"href":"https:\/\/www.yungayino.cl\/noticias\/index.php?rest_route=%2Fwp%2Fv2%2Fmedia&parent=8279"}],"wp:term":[{"taxonomy":"category","embeddable":true,"href":"https:\/\/www.yungayino.cl\/noticias\/index.php?rest_route=%2Fwp%2Fv2%2Fcategories&post=8279"},{"taxonomy":"post_tag","embeddable":true,"href":"https:\/\/www.yungayino.cl\/noticias\/index.php?rest_route=%2Fwp%2Fv2%2Ftags&post=8279"}],"curies":[{"name":"wp","href":"https:\/\/api.w.org\/{rel}","templated":true}]}}