{"id":8331,"date":"2012-09-27T21:06:37","date_gmt":"2012-09-28T01:06:37","guid":{"rendered":"http:\/\/www.yungayino.cl\/noticias\/?p=8331"},"modified":"2012-09-28T21:53:28","modified_gmt":"2012-09-29T01:53:28","slug":"yungay-celebrara-tradicional-fiesta-de-san-francisco","status":"publish","type":"post","link":"https:\/\/www.yungayino.cl\/noticias\/?p=8331","title":{"rendered":"Yungay Celebrara Tradicional \u201cFiesta de San Francisco\u201d"},"content":{"rendered":"<p><img loading=\"lazy\" decoding=\"async\" src=\"http:\/\/www.yungayino.cl\/imagenes\/fiestasanfrancisco2010.jpg\" alt=\"YUNGAYINO.CL - El Portal de Yungay\" width=\"500\" height=\"200\" \/><\/p>\n<p><span style=\"font-size: small; font-family: arial,helvetica,sans-serif;\">En Yungay se celebrara la Tradicional \u201c<strong>\u201cFiesta de San Francisco\u201d <\/strong>en su novena versi\u00f3n, la cu\u00e1l se ejecutara el pr\u00f3ximo domingo 07 de octubre en el Sector Los Laureles, comunidad rural distante a 15 Kil\u00f3metros de Yungay. Esta tradicional fiesta religiosa que se realizar\u00e1 en nuestra comuna y que consiste \u00a0en realizar una procesi\u00f3n en donde esta la siembra para bendecir el trigo y pedir por una generosa cosecha. Adem\u00e1s en la ocasi\u00f3n la organizaci\u00f3n a cargo del Club Deportivo Hurac\u00e1n tendr\u00e1 para los yungayinos y visitantes un variado programa de actividades donde destacan la m\u00fasica folcl\u00f3rica y cuecas interpretadas por los Conjuntos \u201cAlbores de Lomas Coloradas\u201d de la Comuna de San Pedro de la Paz y \u201cCantares\u201d de Yungay, tambi\u00e9n habr\u00e1 m\u00fasica ranchera a cargo de Los Reales de Sonora y Los Rancheros de Villarrica, El Huaso Montero y Los Hermanos Flores, adem\u00e1s se instalaran Stand con artesan\u00edas y productos de la zona, para los amantes de los caballos se realizar\u00e1n carreras a la chilena. Finalmente la organizaci\u00f3n hace un llamado a participar de esta tradicional fiesta de la comuna donde adem\u00e1s habr\u00e1 locomoci\u00f3n de ida y vuelta y una amplia variedad de comidas t\u00edpicas, \u00e9l\u00a0 tradicional asado de cordero y el concurso de la tortilla m\u00e1s grande entre otras cosas.<\/span><\/p>\n","protected":false},"excerpt":{"rendered":"<p>En Yungay se celebrara la Tradicional \u201c\u201cFiesta de San Francisco\u201d en su novena versi\u00f3n, la cu\u00e1l se ejecutara el pr\u00f3ximo domingo 07 de octubre en el Sector Los Laureles, comunidad rural distante a 15&#46;&#46;&#46;<\/p>\n","protected":false},"author":2,"featured_media":16047,"comment_status":"open","ping_status":"open","sticky":false,"template":"","format":"standard","meta":{"footnotes":""},"categories":[3,5,1],"tags":[1115,8,6],"class_list":["post-8331","post","type-post","status-publish","format-standard","has-post-thumbnail","hentry","category-actualidad","category-eventos","category-noticias","tag-noticias","tag-yungay","tag-yungayino"],"_links":{"self":[{"href":"https:\/\/www.yungayino.cl\/noticias\/index.php?rest_route=\/wp\/v2\/posts\/8331","targetHints":{"allow":["GET"]}}],"collection":[{"href":"https:\/\/www.yungayino.cl\/noticias\/index.php?rest_route=\/wp\/v2\/posts"}],"about":[{"href":"https:\/\/www.yungayino.cl\/noticias\/index.php?rest_route=\/wp\/v2\/types\/post"}],"author":[{"embeddable":true,"href":"https:\/\/www.yungayino.cl\/noticias\/index.php?rest_route=\/wp\/v2\/users\/2"}],"replies":[{"embeddable":true,"href":"https:\/\/www.yungayino.cl\/noticias\/index.php?rest_route=%2Fwp%2Fv2%2Fcomments&post=8331"}],"version-history":[{"count":5,"href":"https:\/\/www.yungayino.cl\/noticias\/index.php?rest_route=\/wp\/v2\/posts\/8331\/revisions"}],"predecessor-version":[{"id":8334,"href":"https:\/\/www.yungayino.cl\/noticias\/index.php?rest_route=\/wp\/v2\/posts\/8331\/revisions\/8334"}],"wp:featuredmedia":[{"embeddable":true,"href":"https:\/\/www.yungayino.cl\/noticias\/index.php?rest_route=\/wp\/v2\/media\/16047"}],"wp:attachment":[{"href":"https:\/\/www.yungayino.cl\/noticias\/index.php?rest_route=%2Fwp%2Fv2%2Fmedia&parent=8331"}],"wp:term":[{"taxonomy":"category","embeddable":true,"href":"https:\/\/www.yungayino.cl\/noticias\/index.php?rest_route=%2Fwp%2Fv2%2Fcategories&post=8331"},{"taxonomy":"post_tag","embeddable":true,"href":"https:\/\/www.yungayino.cl\/noticias\/index.php?rest_route=%2Fwp%2Fv2%2Ftags&post=8331"}],"curies":[{"name":"wp","href":"https:\/\/api.w.org\/{rel}","templated":true}]}}