{"id":8335,"date":"2012-09-21T21:08:47","date_gmt":"2012-09-22T01:08:47","guid":{"rendered":"http:\/\/www.yungayino.cl\/noticias\/?p=8335"},"modified":"2012-09-27T22:01:12","modified_gmt":"2012-09-28T02:01:12","slug":"colegio-nueva-esperanza-celebro-fiesta-patrias-2012","status":"publish","type":"post","link":"https:\/\/www.yungayino.cl\/noticias\/?p=8335","title":{"rendered":"Colegio Nueva Esperanza Celebro Fiesta Patrias 2012"},"content":{"rendered":"<p><img decoding=\"async\" src=\"http:\/\/www.yungayino.cl\/imagenes\/nuevaesperanza201209.jpg\" alt=\"YUNGAYINO.CL - El Portal de Yungay\" \/><\/p>\n<p><span style=\"font-size: small; font-family: arial,helvetica,sans-serif;\">Yungay, como ya es tradicional para esta comunidad educativa, las celebraciones de alto valor c\u00edvico para la formaci\u00f3n de los peque\u00f1os, se han llevado a cabo con una alta participaci\u00f3n de alumnos, profesores, personal y especialmente gracias al apoyo de los padres y apoderados. En la conmemoraci\u00f3n de los 202 a\u00f1os de la patria el colegio organizo una variada programaci\u00f3n de actividades donde se destacaron entre otras competencias como tirar la cuerda, carreras en saco, baile\u00a0 etc., adem\u00e1s de presentaciones donde los alumnos destacaban muy bien vestidos con trajes t\u00edpicos. Finalmente el\u00a0 Colegio, a trav\u00e9s de su nivel directivo, agradece el gran apoyo de los apoderados y colaboradores en la realizaci\u00f3n de estas actividades y todas las que le han precedido a lo largo del a\u00f1o escolar 2012.<\/span><\/p>\n<p><a href=\"http:\/\/www.facebook.com\/media\/set\/?set=a.527917520556625.137859.159561284058919&amp;type=1\"><span style=\"font-size: small; font-family: arial,helvetica,sans-serif;\">Fotograf\u00edas<\/span><\/a><\/p>\n","protected":false},"excerpt":{"rendered":"<p>Yungay, como ya es tradicional para esta comunidad educativa, las celebraciones de alto valor c\u00edvico para la formaci\u00f3n de los peque\u00f1os, se han llevado a cabo con una alta participaci\u00f3n de alumnos, profesores, personal&#46;&#46;&#46;<\/p>\n","protected":false},"author":2,"featured_media":16048,"comment_status":"open","ping_status":"open","sticky":false,"template":"","format":"standard","meta":{"footnotes":""},"categories":[1],"tags":[320,534,1115,8,6],"class_list":["post-8335","post","type-post","status-publish","format-standard","has-post-thumbnail","hentry","category-noticias","tag-colegio-nueva-esperanza","tag-fiestas-patyrias","tag-noticias","tag-yungay","tag-yungayino"],"_links":{"self":[{"href":"https:\/\/www.yungayino.cl\/noticias\/index.php?rest_route=\/wp\/v2\/posts\/8335","targetHints":{"allow":["GET"]}}],"collection":[{"href":"https:\/\/www.yungayino.cl\/noticias\/index.php?rest_route=\/wp\/v2\/posts"}],"about":[{"href":"https:\/\/www.yungayino.cl\/noticias\/index.php?rest_route=\/wp\/v2\/types\/post"}],"author":[{"embeddable":true,"href":"https:\/\/www.yungayino.cl\/noticias\/index.php?rest_route=\/wp\/v2\/users\/2"}],"replies":[{"embeddable":true,"href":"https:\/\/www.yungayino.cl\/noticias\/index.php?rest_route=%2Fwp%2Fv2%2Fcomments&post=8335"}],"version-history":[{"count":9,"href":"https:\/\/www.yungayino.cl\/noticias\/index.php?rest_route=\/wp\/v2\/posts\/8335\/revisions"}],"predecessor-version":[{"id":8344,"href":"https:\/\/www.yungayino.cl\/noticias\/index.php?rest_route=\/wp\/v2\/posts\/8335\/revisions\/8344"}],"wp:featuredmedia":[{"embeddable":true,"href":"https:\/\/www.yungayino.cl\/noticias\/index.php?rest_route=\/wp\/v2\/media\/16048"}],"wp:attachment":[{"href":"https:\/\/www.yungayino.cl\/noticias\/index.php?rest_route=%2Fwp%2Fv2%2Fmedia&parent=8335"}],"wp:term":[{"taxonomy":"category","embeddable":true,"href":"https:\/\/www.yungayino.cl\/noticias\/index.php?rest_route=%2Fwp%2Fv2%2Fcategories&post=8335"},{"taxonomy":"post_tag","embeddable":true,"href":"https:\/\/www.yungayino.cl\/noticias\/index.php?rest_route=%2Fwp%2Fv2%2Ftags&post=8335"}],"curies":[{"name":"wp","href":"https:\/\/api.w.org\/{rel}","templated":true}]}}