{"id":8383,"date":"2012-10-03T18:00:35","date_gmt":"2012-10-03T22:00:35","guid":{"rendered":"http:\/\/www.yungayino.cl\/noticias\/?p=8383"},"modified":"2012-10-03T19:16:14","modified_gmt":"2012-10-03T23:16:14","slug":"centro-de-alumnos-de-liceo-a-17-de-yungay-realizo-acto-en-el-dia-nacional-del-asistente-de-la-educacion","status":"publish","type":"post","link":"https:\/\/www.yungayino.cl\/noticias\/?p=8383","title":{"rendered":"Centro de Alumnos de Liceo A-17 de Yungay Realiz\u00f3 Acto en el \u201cD\u00eda Nacional del Asistente de la Educaci\u00f3n\u201d"},"content":{"rendered":"<p><img decoding=\"async\" src=\"http:\/\/www.yungayino.cl\/imagenes\/liceo20121003.jpg\" alt=\"YUNGAYINO.CL - El Portal de Yungay\" \/><\/p>\n<p><span style=\"font-size: small; font-family: arial,helvetica,sans-serif;\">Yungay, con un acto en las instalaciones de la casa estudiantil el Centro de Alumnos de Liceo A -17 de Yungay celebro y saludo a los asistentes de la educaci\u00f3n en la celebraci\u00f3n de su d\u00eda. El acto que estuvo encabezado por la Directora Ang\u00e9lica Reyes y en representaci\u00f3n del Centro de Padres el Sr. Ericson Godoy, cont\u00f3 con un n\u00famero art\u00edstico musical preparado por las alumnas Vanesa Cifuentes (4\u00b0 a\u00f1o A) y Damaris Gutierrez (2\u00b0 a\u00f1o A). Tambi\u00e9n y en representaci\u00f3n de los estudiantes el Presidente del Centro de Alumnos saludo y agradeci\u00f3 a los asistentes presentes por la abnegada tarea que realizan en forma diaria d\u00e1ndoles afecto y amistad. Finalmente los alumnos invitaron a los festejados a compartir un coctel.<\/span><\/p>\n<p><a href=\"http:\/\/www.facebook.com\/media\/set\/?set=a.530442930304084.138520.159561284058919&amp;type=1\"><span style=\"font-size: small; font-family: arial,helvetica,sans-serif;\">Fotograf\u00edas<\/span><\/a><\/p>\n","protected":false},"excerpt":{"rendered":"<p>Yungay, con un acto en las instalaciones de la casa estudiantil el Centro de Alumnos de Liceo A -17 de Yungay celebro y saludo a los asistentes de la educaci\u00f3n en la celebraci\u00f3n de&#46;&#46;&#46;<\/p>\n","protected":false},"author":2,"featured_media":16055,"comment_status":"open","ping_status":"open","sticky":false,"template":"","format":"standard","meta":{"footnotes":""},"categories":[1],"tags":[539,89,8,6],"class_list":["post-8383","post","type-post","status-publish","format-standard","has-post-thumbnail","hentry","category-noticias","tag-dia-asistentes-de-la-educacion","tag-liceo-yungay","tag-yungay","tag-yungayino"],"_links":{"self":[{"href":"https:\/\/www.yungayino.cl\/noticias\/index.php?rest_route=\/wp\/v2\/posts\/8383","targetHints":{"allow":["GET"]}}],"collection":[{"href":"https:\/\/www.yungayino.cl\/noticias\/index.php?rest_route=\/wp\/v2\/posts"}],"about":[{"href":"https:\/\/www.yungayino.cl\/noticias\/index.php?rest_route=\/wp\/v2\/types\/post"}],"author":[{"embeddable":true,"href":"https:\/\/www.yungayino.cl\/noticias\/index.php?rest_route=\/wp\/v2\/users\/2"}],"replies":[{"embeddable":true,"href":"https:\/\/www.yungayino.cl\/noticias\/index.php?rest_route=%2Fwp%2Fv2%2Fcomments&post=8383"}],"version-history":[{"count":5,"href":"https:\/\/www.yungayino.cl\/noticias\/index.php?rest_route=\/wp\/v2\/posts\/8383\/revisions"}],"predecessor-version":[{"id":8387,"href":"https:\/\/www.yungayino.cl\/noticias\/index.php?rest_route=\/wp\/v2\/posts\/8383\/revisions\/8387"}],"wp:featuredmedia":[{"embeddable":true,"href":"https:\/\/www.yungayino.cl\/noticias\/index.php?rest_route=\/wp\/v2\/media\/16055"}],"wp:attachment":[{"href":"https:\/\/www.yungayino.cl\/noticias\/index.php?rest_route=%2Fwp%2Fv2%2Fmedia&parent=8383"}],"wp:term":[{"taxonomy":"category","embeddable":true,"href":"https:\/\/www.yungayino.cl\/noticias\/index.php?rest_route=%2Fwp%2Fv2%2Fcategories&post=8383"},{"taxonomy":"post_tag","embeddable":true,"href":"https:\/\/www.yungayino.cl\/noticias\/index.php?rest_route=%2Fwp%2Fv2%2Ftags&post=8383"}],"curies":[{"name":"wp","href":"https:\/\/api.w.org\/{rel}","templated":true}]}}