{"id":8394,"date":"2012-10-04T10:00:20","date_gmt":"2012-10-04T14:00:20","guid":{"rendered":"http:\/\/www.yungayino.cl\/noticias\/?p=8394"},"modified":"2012-10-04T15:58:25","modified_gmt":"2012-10-04T19:58:25","slug":"crean-un-nuevo-apac-evangelico-en-carcel-de-yungay","status":"publish","type":"post","link":"https:\/\/www.yungayino.cl\/noticias\/?p=8394","title":{"rendered":"Crean un Nuevo APAC Evang\u00e9lico en C\u00e1rcel de Yungay"},"content":{"rendered":"<p><img decoding=\"async\" src=\"http:\/\/www.yungayino.cl\/imagenes\/carcelapac.jpg\" alt=\"YUNGAYINO.CL - El Portal de Yungay\" \/><\/p>\n<p><span style=\"font-size: small; font-family: arial,helvetica,sans-serif;\">Yungay 04 de octubre 2012, el Centro de Detenci\u00f3n Preventiva de Yungay le puso bandera a la fe con la reciente creaci\u00f3n de un APAC que el propio Capell\u00e1n Nacional de Gendarmer\u00eda, reverendo Luis Maussiet, inaugur\u00f3 en compa\u00f1\u00eda del Director Regional de Gendarmer\u00eda, coronel Eleuterio Cofr\u00e9 del Pino y el Seremi de Justicia en la regi\u00f3n del B\u00edo B\u00edo Roberto Coloma del Valle. Momento imborrable que pone fin a las celdas de castigo y abre espacio al culto de la fe evang\u00e9lica, alternativa de reinserci\u00f3n que en el pa\u00eds cobra m\u00e1s de 5.000 adeptos y en la regi\u00f3n un universo aproximado a 400. <strong>\u201cAmando al Preso Amar\u00e1s a Cristo\u201d<\/strong> responde a la sigla APAC que propone un modelo de reconvertir a seres humanos que habiendo cometido delitos optan por el camino de la familia, la moral, los buenos h\u00e1bitos y el trabajo. Sobre estos principios se refiere en vehemente arenga el reverendo Maussiet que invita a terminar con la cultura del castigo en las c\u00e1rceles respondiendo a las 11 medidas del mando central que define, entre otros aspectos, dignificar la estad\u00eda del interno, mejorar las condiciones de higiene y habitabilidad, alimentaci\u00f3n, abrir instancias de aprendizaje e instalar un esquema de orden que propenda a la reinserci\u00f3n y rehabilitaci\u00f3n de infractores de ley. Igual mensaje pone en la mesa el director de Gendarmer\u00eda, coronel Eleuterio Cofr\u00e9 del Pino, refiri\u00e9ndose a la prioridad de perfilar recintos modelos en la zona de \u00d1uble que repliquen la experiencia de Yungay. \u201cEsperamos ganar instancias similares en Quirihue, San Carlos, Yumbel y Bulnes para eliminar la cultura del castigo en las c\u00e1rceles, tratando de humanizar la relaci\u00f3n entre el personal y el reo, fomentando el desarrollo educacional y cultural, sin perder los valores y ra\u00edces familiares\u201d, replic\u00f3 la autoridad. El APAC que hoy abre sus puertas en Yungay cuenta con \u00f3ptimas condiciones de salubridad y un entorno amigable que har\u00e1 grata la estad\u00eda a 50 internos llanos a la asesor\u00eda espiritual. En medio de los c\u00e1nticos y bendiciones de feligreses que, junto a sus familias presenciaron el corte de cinta, el seremi de Justicia, Roberto Coloma del Valle, valor\u00f3 el sentido humanizador de la presente iniciativa, que pone fin a un sistema castigador arraigado en Chile, y que en poco ayuda \u2013recalc\u00f3- a concretar una reinserci\u00f3n efectiva y sentar las bases de un buen clima de seguridad ciudadana.<\/span><\/p>\n<p><a href=\"http:\/\/www.facebook.com\/media\/set\/?set=a.530807540267623.138607.159561284058919&amp;type=1\"><span style=\"font-size: small; font-family: arial,helvetica,sans-serif;\">Fotograf\u00edas<\/span><\/a><\/p>\n","protected":false},"excerpt":{"rendered":"<p>Yungay 04 de octubre 2012, el Centro de Detenci\u00f3n Preventiva de Yungay le puso bandera a la fe con la reciente creaci\u00f3n de un APAC que el propio Capell\u00e1n Nacional de Gendarmer\u00eda, reverendo Luis&#46;&#46;&#46;<\/p>\n","protected":false},"author":2,"featured_media":16057,"comment_status":"open","ping_status":"open","sticky":false,"template":"","format":"standard","meta":{"footnotes":""},"categories":[3,1],"tags":[541,264,1115,8,6],"class_list":["post-8394","post","type-post","status-publish","format-standard","has-post-thumbnail","hentry","category-actualidad","category-noticias","tag-apac","tag-carcel-de-yungay","tag-noticias","tag-yungay","tag-yungayino"],"_links":{"self":[{"href":"https:\/\/www.yungayino.cl\/noticias\/index.php?rest_route=\/wp\/v2\/posts\/8394","targetHints":{"allow":["GET"]}}],"collection":[{"href":"https:\/\/www.yungayino.cl\/noticias\/index.php?rest_route=\/wp\/v2\/posts"}],"about":[{"href":"https:\/\/www.yungayino.cl\/noticias\/index.php?rest_route=\/wp\/v2\/types\/post"}],"author":[{"embeddable":true,"href":"https:\/\/www.yungayino.cl\/noticias\/index.php?rest_route=\/wp\/v2\/users\/2"}],"replies":[{"embeddable":true,"href":"https:\/\/www.yungayino.cl\/noticias\/index.php?rest_route=%2Fwp%2Fv2%2Fcomments&post=8394"}],"version-history":[{"count":3,"href":"https:\/\/www.yungayino.cl\/noticias\/index.php?rest_route=\/wp\/v2\/posts\/8394\/revisions"}],"predecessor-version":[{"id":8397,"href":"https:\/\/www.yungayino.cl\/noticias\/index.php?rest_route=\/wp\/v2\/posts\/8394\/revisions\/8397"}],"wp:featuredmedia":[{"embeddable":true,"href":"https:\/\/www.yungayino.cl\/noticias\/index.php?rest_route=\/wp\/v2\/media\/16057"}],"wp:attachment":[{"href":"https:\/\/www.yungayino.cl\/noticias\/index.php?rest_route=%2Fwp%2Fv2%2Fmedia&parent=8394"}],"wp:term":[{"taxonomy":"category","embeddable":true,"href":"https:\/\/www.yungayino.cl\/noticias\/index.php?rest_route=%2Fwp%2Fv2%2Fcategories&post=8394"},{"taxonomy":"post_tag","embeddable":true,"href":"https:\/\/www.yungayino.cl\/noticias\/index.php?rest_route=%2Fwp%2Fv2%2Ftags&post=8394"}],"curies":[{"name":"wp","href":"https:\/\/api.w.org\/{rel}","templated":true}]}}