{"id":8433,"date":"2012-10-14T22:23:39","date_gmt":"2012-10-15T02:23:39","guid":{"rendered":"http:\/\/www.yungayino.cl\/noticias\/?p=8433"},"modified":"2012-10-15T22:30:20","modified_gmt":"2012-10-16T02:30:20","slug":"adultos-mayores-de-yungay-celebraron-su-dia","status":"publish","type":"post","link":"https:\/\/www.yungayino.cl\/noticias\/?p=8433","title":{"rendered":"Adultos Mayores de Yungay Celebraron su D\u00eda"},"content":{"rendered":"<p>&nbsp;<\/p>\n<p><img loading=\"lazy\" decoding=\"async\" src=\"http:\/\/www.yungayino.cl\/imagenes\/diaadultomayor2012.jpg\" alt=\"YUNGAYINO.CL - El Portal de Yungay\" width=\"500\" height=\"200\" \/><\/p>\n<p><span style=\"font-size: small; font-family: arial,helvetica,sans-serif;\">Yungay, el s\u00e1bado 13 de octubre en el Gimnasio Multiuso y como es tradicional la Ilustre Municipalidad de Yungay organizo un almuerzo con motivo de la celebraci\u00f3n de \u201cEl D\u00eda del Adulto Mayor\u201d, la cu\u00e1l cont\u00f3 con una masiva convocatoria de los diferentes clubes de adultos mayores del sector rural y urbano de la comuna. Los adultos mayores de nuestra comuna disfrutaron activamente de la jornada, donde compartieron, bailando y adem\u00e1s hubo otras sorpresas. Tambi\u00e9n en representaci\u00f3n de la m\u00e1xima autoridad comunal y como alcalde (s) Alexis Perez entrego un gran saludo de aliento y reiter\u00f3 su compromiso del municipio con la comunidad m\u00e1s antigua de la comuna. Cabe destacar que la organizaci\u00f3n estuvo a cargo de los funcionarios municipales del departamento de Dideco, siendo liderada por su Jefa Marcia Ortiz\u00a0 y el alcalde (s) Alexis Perez.<\/span><\/p>\n<p><a href=\"http:\/\/www.facebook.com\/media\/set\/?set=a.535947936420250.139779.159561284058919&amp;type=1\"><span style=\"font-size: small; font-family: arial,helvetica,sans-serif;\">Fotograf\u00edas<\/span><\/a><\/p>\n","protected":false},"excerpt":{"rendered":"<p>&nbsp; Yungay, el s\u00e1bado 13 de octubre en el Gimnasio Multiuso y como es tradicional la Ilustre Municipalidad de Yungay organizo un almuerzo con motivo de la celebraci\u00f3n de \u201cEl D\u00eda del Adulto Mayor\u201d,&#46;&#46;&#46;<\/p>\n","protected":false},"author":2,"featured_media":16064,"comment_status":"open","ping_status":"open","sticky":false,"template":"","format":"standard","meta":{"footnotes":""},"categories":[5,1],"tags":[548,1115,8,6],"class_list":["post-8433","post","type-post","status-publish","format-standard","has-post-thumbnail","hentry","category-eventos","category-noticias","tag-dia-adulto-mayor","tag-noticias","tag-yungay","tag-yungayino"],"_links":{"self":[{"href":"https:\/\/www.yungayino.cl\/noticias\/index.php?rest_route=\/wp\/v2\/posts\/8433","targetHints":{"allow":["GET"]}}],"collection":[{"href":"https:\/\/www.yungayino.cl\/noticias\/index.php?rest_route=\/wp\/v2\/posts"}],"about":[{"href":"https:\/\/www.yungayino.cl\/noticias\/index.php?rest_route=\/wp\/v2\/types\/post"}],"author":[{"embeddable":true,"href":"https:\/\/www.yungayino.cl\/noticias\/index.php?rest_route=\/wp\/v2\/users\/2"}],"replies":[{"embeddable":true,"href":"https:\/\/www.yungayino.cl\/noticias\/index.php?rest_route=%2Fwp%2Fv2%2Fcomments&post=8433"}],"version-history":[{"count":2,"href":"https:\/\/www.yungayino.cl\/noticias\/index.php?rest_route=\/wp\/v2\/posts\/8433\/revisions"}],"predecessor-version":[{"id":8435,"href":"https:\/\/www.yungayino.cl\/noticias\/index.php?rest_route=\/wp\/v2\/posts\/8433\/revisions\/8435"}],"wp:featuredmedia":[{"embeddable":true,"href":"https:\/\/www.yungayino.cl\/noticias\/index.php?rest_route=\/wp\/v2\/media\/16064"}],"wp:attachment":[{"href":"https:\/\/www.yungayino.cl\/noticias\/index.php?rest_route=%2Fwp%2Fv2%2Fmedia&parent=8433"}],"wp:term":[{"taxonomy":"category","embeddable":true,"href":"https:\/\/www.yungayino.cl\/noticias\/index.php?rest_route=%2Fwp%2Fv2%2Fcategories&post=8433"},{"taxonomy":"post_tag","embeddable":true,"href":"https:\/\/www.yungayino.cl\/noticias\/index.php?rest_route=%2Fwp%2Fv2%2Ftags&post=8433"}],"curies":[{"name":"wp","href":"https:\/\/api.w.org\/{rel}","templated":true}]}}