{"id":8529,"date":"2012-11-02T23:36:03","date_gmt":"2012-11-03T03:36:03","guid":{"rendered":"http:\/\/www.yungayino.cl\/noticias\/?p=8529"},"modified":"2012-11-02T23:36:03","modified_gmt":"2012-11-03T03:36:03","slug":"colegio-nueva-esperanza-de-yungay-celebro-su-tercer-aniversario","status":"publish","type":"post","link":"https:\/\/www.yungayino.cl\/noticias\/?p=8529","title":{"rendered":"Colegio Nueva Esperanza de Yungay Celebro su Tercer Aniversario"},"content":{"rendered":"<p><img loading=\"lazy\" decoding=\"async\" src=\"http:\/\/www.yungayino.cl\/imagenes\/nuevaesperanza201210.jpg\" alt=\"YUNGAYINO.CL - El Portal de Yungay\" width=\"500\" height=\"200\" \/><\/p>\n<p><span style=\"font-size: small; font-family: arial,helvetica,sans-serif;\">Yungay, mi\u00e9rcoles 31 de octubre a las 10:00 horas el Colegio Nueva Esperanza conmemoro su aniversario n\u00famero tres, con un acto oficial liderado por su Directora se\u00f1ora Sandra Correa Aedo, invitados especiales, alumnos y apoderados. Durante la ceremonia se realizaron presentaciones coreogr\u00e1ficas por parte de los alumnos de medios mayores, una muestra del taller de Folclor y Danza, adem\u00e1s de premiaci\u00f3n al ganador de dise\u00f1o del Logo Institucional y la Letra del Himno del colegio y finalizado el acto compartieron un coctel. Cabe destacar que durante el d\u00eda anterior se llevo a cabo una batucada con zanquistas, malabaristas y carros aleg\u00f3ricos, los cuales recorrieron el per\u00edmetro de nuestra plaza y se destaco por la alta concurrencia de participaci\u00f3n y asistencia de p\u00fablico.<\/span><\/p>\n<p><a href=\"http:\/\/www.facebook.com\/media\/set\/?set=a.544295392252171.141635.159561284058919&amp;type=1\"><span style=\"font-size: small; font-family: arial,helvetica,sans-serif;\">Fotograf\u00edas<\/span><\/a><\/p>\n","protected":false},"excerpt":{"rendered":"<p>Yungay, mi\u00e9rcoles 31 de octubre a las 10:00 horas el Colegio Nueva Esperanza conmemoro su aniversario n\u00famero tres, con un acto oficial liderado por su Directora se\u00f1ora Sandra Correa Aedo, invitados especiales, alumnos y&#46;&#46;&#46;<\/p>\n","protected":false},"author":2,"featured_media":16082,"comment_status":"open","ping_status":"open","sticky":false,"template":"","format":"standard","meta":{"footnotes":""},"categories":[3,1],"tags":[320,366,1115,8,6],"class_list":["post-8529","post","type-post","status-publish","format-standard","has-post-thumbnail","hentry","category-actualidad","category-noticias","tag-colegio-nueva-esperanza","tag-educacion","tag-noticias","tag-yungay","tag-yungayino"],"_links":{"self":[{"href":"https:\/\/www.yungayino.cl\/noticias\/index.php?rest_route=\/wp\/v2\/posts\/8529","targetHints":{"allow":["GET"]}}],"collection":[{"href":"https:\/\/www.yungayino.cl\/noticias\/index.php?rest_route=\/wp\/v2\/posts"}],"about":[{"href":"https:\/\/www.yungayino.cl\/noticias\/index.php?rest_route=\/wp\/v2\/types\/post"}],"author":[{"embeddable":true,"href":"https:\/\/www.yungayino.cl\/noticias\/index.php?rest_route=\/wp\/v2\/users\/2"}],"replies":[{"embeddable":true,"href":"https:\/\/www.yungayino.cl\/noticias\/index.php?rest_route=%2Fwp%2Fv2%2Fcomments&post=8529"}],"version-history":[{"count":4,"href":"https:\/\/www.yungayino.cl\/noticias\/index.php?rest_route=\/wp\/v2\/posts\/8529\/revisions"}],"predecessor-version":[{"id":8533,"href":"https:\/\/www.yungayino.cl\/noticias\/index.php?rest_route=\/wp\/v2\/posts\/8529\/revisions\/8533"}],"wp:featuredmedia":[{"embeddable":true,"href":"https:\/\/www.yungayino.cl\/noticias\/index.php?rest_route=\/wp\/v2\/media\/16082"}],"wp:attachment":[{"href":"https:\/\/www.yungayino.cl\/noticias\/index.php?rest_route=%2Fwp%2Fv2%2Fmedia&parent=8529"}],"wp:term":[{"taxonomy":"category","embeddable":true,"href":"https:\/\/www.yungayino.cl\/noticias\/index.php?rest_route=%2Fwp%2Fv2%2Fcategories&post=8529"},{"taxonomy":"post_tag","embeddable":true,"href":"https:\/\/www.yungayino.cl\/noticias\/index.php?rest_route=%2Fwp%2Fv2%2Ftags&post=8529"}],"curies":[{"name":"wp","href":"https:\/\/api.w.org\/{rel}","templated":true}]}}