{"id":8566,"date":"2012-11-12T09:56:32","date_gmt":"2012-11-12T13:56:32","guid":{"rendered":"http:\/\/www.yungayino.cl\/noticias\/?p=8566"},"modified":"2012-11-13T10:24:56","modified_gmt":"2012-11-13T14:24:56","slug":"fiesta-de-la-esquila-y-el-canto-popular-se-realizo-en-yungay","status":"publish","type":"post","link":"https:\/\/www.yungayino.cl\/noticias\/?p=8566","title":{"rendered":"Fiesta de la \u201cEsquila y El Canto Popular\u201d se Realizo en Yungay"},"content":{"rendered":"<p><img loading=\"lazy\" decoding=\"async\" src=\"http:\/\/www.yungayino.cl\/imagenes\/esquila2012.jpg\" alt=\"YUNGAYINO.CL - El Portal de Yungay\" width=\"500\" height=\"200\" \/><\/p>\n<p><span style=\"font-size: small; font-family: arial,helvetica,sans-serif;\">Yungay, este domingo 11 de noviembre se realizo el 18\u00ba \u201dEncuentro de la Esquila y el Canto Popular\u201d, una tradicional fiesta campesina que naci\u00f3 con la finalidad de rescatar las tradiciones y mostrar a nuestra gente y visitantes como es la Esquila. Esta fiesta fue organizada por el Comit\u00e9 Campesino \u201cSan Francisco El Cardal\u201d y se realizo en el Sector del Cardal a 4 kil\u00f3metros al oriente de nuestra comuna de Yungay. Adem\u00e1s de la competencia de esquilar ovejas con tijerones con representantes de diferentes lugares de la zona, se realizaron competencias de tejido e hilado, juegos populares y artesan\u00edas, todo esto acompa\u00f1ado de m\u00fasica folcl\u00f3rica entonada por grupos y cantores populares. Tambi\u00e9n los yungayinos y visitantes pudieron disfrutar de una variada cociner\u00eda con comidas t\u00edpicas como el asado de cordero, chanfaina, arvejado etc.<\/span><\/p>\n<p><a href=\"http:\/\/www.facebook.com\/media\/set\/?set=a.548884068459970.142504.159561284058919&amp;type=1\"><span style=\"font-size: small; font-family: arial,helvetica,sans-serif;\">Fotograf\u00edas<\/span><\/a><\/p>\n","protected":false},"excerpt":{"rendered":"<p>Yungay, este domingo 11 de noviembre se realizo el 18\u00ba \u201dEncuentro de la Esquila y el Canto Popular\u201d, una tradicional fiesta campesina que naci\u00f3 con la finalidad de rescatar las tradiciones y mostrar a&#46;&#46;&#46;<\/p>\n","protected":false},"author":2,"featured_media":16040,"comment_status":"open","ping_status":"open","sticky":false,"template":"","format":"standard","meta":{"footnotes":""},"categories":[14,1,15],"tags":[575,98,1115,8,6],"class_list":["post-8566","post","type-post","status-publish","format-standard","has-post-thumbnail","hentry","category-historia","category-noticias","category-turismo","tag-el-cardal","tag-esquila","tag-noticias","tag-yungay","tag-yungayino"],"_links":{"self":[{"href":"https:\/\/www.yungayino.cl\/noticias\/index.php?rest_route=\/wp\/v2\/posts\/8566","targetHints":{"allow":["GET"]}}],"collection":[{"href":"https:\/\/www.yungayino.cl\/noticias\/index.php?rest_route=\/wp\/v2\/posts"}],"about":[{"href":"https:\/\/www.yungayino.cl\/noticias\/index.php?rest_route=\/wp\/v2\/types\/post"}],"author":[{"embeddable":true,"href":"https:\/\/www.yungayino.cl\/noticias\/index.php?rest_route=\/wp\/v2\/users\/2"}],"replies":[{"embeddable":true,"href":"https:\/\/www.yungayino.cl\/noticias\/index.php?rest_route=%2Fwp%2Fv2%2Fcomments&post=8566"}],"version-history":[{"count":3,"href":"https:\/\/www.yungayino.cl\/noticias\/index.php?rest_route=\/wp\/v2\/posts\/8566\/revisions"}],"predecessor-version":[{"id":8569,"href":"https:\/\/www.yungayino.cl\/noticias\/index.php?rest_route=\/wp\/v2\/posts\/8566\/revisions\/8569"}],"wp:featuredmedia":[{"embeddable":true,"href":"https:\/\/www.yungayino.cl\/noticias\/index.php?rest_route=\/wp\/v2\/media\/16040"}],"wp:attachment":[{"href":"https:\/\/www.yungayino.cl\/noticias\/index.php?rest_route=%2Fwp%2Fv2%2Fmedia&parent=8566"}],"wp:term":[{"taxonomy":"category","embeddable":true,"href":"https:\/\/www.yungayino.cl\/noticias\/index.php?rest_route=%2Fwp%2Fv2%2Fcategories&post=8566"},{"taxonomy":"post_tag","embeddable":true,"href":"https:\/\/www.yungayino.cl\/noticias\/index.php?rest_route=%2Fwp%2Fv2%2Ftags&post=8566"}],"curies":[{"name":"wp","href":"https:\/\/api.w.org\/{rel}","templated":true}]}}