{"id":8623,"date":"2012-11-28T07:00:18","date_gmt":"2012-11-28T11:00:18","guid":{"rendered":"http:\/\/www.yungayino.cl\/noticias\/?p=8623"},"modified":"2012-11-28T11:29:25","modified_gmt":"2012-11-28T15:29:25","slug":"aniversario-n-23-de-radio-la-voz-de-yungay","status":"publish","type":"post","link":"https:\/\/www.yungayino.cl\/noticias\/?p=8623","title":{"rendered":"Aniversario N\u00b0 23 de Radio La Voz de Yungay"},"content":{"rendered":"<p><img loading=\"lazy\" decoding=\"async\" src=\"http:\/\/www.yungayino.cl\/imagenes\/radiolavozdeyungay.jpg\" alt=\"YUNGAYINO.CL - El Portal de Yungay\" width=\"500\" height=\"200\" \/><\/p>\n<p><span style=\"font-size: small; font-family: arial,helvetica,sans-serif;\">Yungay, 28 de Noviembre 2012 es el d\u00eda del aniversario de Radio La voz de Yungay 102.7 FM Stereo, cuyo gerente y propietario es Don Juan Quezada, la estaci\u00f3n radial cumple 23 a\u00f1os de transmisiones en la comuna y la provincia de \u00d1uble. De su historia podemos decir que, esta radio emisora nace en la primavera del a\u00f1o 1989 como una respuesta clara a las necesidades de la comunidad de ser informada, de contar con entretenci\u00f3n sana y de tener un acceso f\u00e1cil y directo a la cultura. La emisora, en s\u00f3lo 2 d\u00e9cadas de vida se ha logrado posicionar en las m\u00e1s altas esferas de la tecnolog\u00eda y la informaci\u00f3n, siendo esta reconocida constantemente, entre otros, por el ente que re\u00fane a todos los medios radiales de importancia del pa\u00eds como lo es la Asociaci\u00f3n de Radiodifusores de Chile (ARCHI).<\/span><\/p>\n<p><a href=\"http:\/\/www.yungayino.cl\/noticias\/?p=8623comments\"><span style=\"font-size: small; font-family: arial,helvetica,sans-serif;\">Comente Aqu\u00ed<\/span><\/a><\/p>\n","protected":false},"excerpt":{"rendered":"<p>Yungay, 28 de Noviembre 2012 es el d\u00eda del aniversario de Radio La voz de Yungay 102.7 FM Stereo, cuyo gerente y propietario es Don Juan Quezada, la estaci\u00f3n radial cumple 23 a\u00f1os de&#46;&#46;&#46;<\/p>\n","protected":false},"author":2,"featured_media":16099,"comment_status":"open","ping_status":"open","sticky":false,"template":"","format":"standard","meta":{"footnotes":""},"categories":[3,14,1,32],"tags":[1115,109,8,6],"class_list":["post-8623","post","type-post","status-publish","format-standard","has-post-thumbnail","hentry","category-actualidad","category-historia","category-noticias","category-servicios","tag-noticias","tag-radio-la-voz-de-yungay","tag-yungay","tag-yungayino"],"_links":{"self":[{"href":"https:\/\/www.yungayino.cl\/noticias\/index.php?rest_route=\/wp\/v2\/posts\/8623","targetHints":{"allow":["GET"]}}],"collection":[{"href":"https:\/\/www.yungayino.cl\/noticias\/index.php?rest_route=\/wp\/v2\/posts"}],"about":[{"href":"https:\/\/www.yungayino.cl\/noticias\/index.php?rest_route=\/wp\/v2\/types\/post"}],"author":[{"embeddable":true,"href":"https:\/\/www.yungayino.cl\/noticias\/index.php?rest_route=\/wp\/v2\/users\/2"}],"replies":[{"embeddable":true,"href":"https:\/\/www.yungayino.cl\/noticias\/index.php?rest_route=%2Fwp%2Fv2%2Fcomments&post=8623"}],"version-history":[{"count":4,"href":"https:\/\/www.yungayino.cl\/noticias\/index.php?rest_route=\/wp\/v2\/posts\/8623\/revisions"}],"predecessor-version":[{"id":8627,"href":"https:\/\/www.yungayino.cl\/noticias\/index.php?rest_route=\/wp\/v2\/posts\/8623\/revisions\/8627"}],"wp:featuredmedia":[{"embeddable":true,"href":"https:\/\/www.yungayino.cl\/noticias\/index.php?rest_route=\/wp\/v2\/media\/16099"}],"wp:attachment":[{"href":"https:\/\/www.yungayino.cl\/noticias\/index.php?rest_route=%2Fwp%2Fv2%2Fmedia&parent=8623"}],"wp:term":[{"taxonomy":"category","embeddable":true,"href":"https:\/\/www.yungayino.cl\/noticias\/index.php?rest_route=%2Fwp%2Fv2%2Fcategories&post=8623"},{"taxonomy":"post_tag","embeddable":true,"href":"https:\/\/www.yungayino.cl\/noticias\/index.php?rest_route=%2Fwp%2Fv2%2Ftags&post=8623"}],"curies":[{"name":"wp","href":"https:\/\/api.w.org\/{rel}","templated":true}]}}