{"id":8661,"date":"2012-12-01T22:00:57","date_gmt":"2012-12-02T02:00:57","guid":{"rendered":"http:\/\/www.yungayino.cl\/noticias\/?p=8661"},"modified":"2012-12-02T22:30:27","modified_gmt":"2012-12-03T02:30:27","slug":"incendio-consume-vivienda-en-yungay","status":"publish","type":"post","link":"https:\/\/www.yungayino.cl\/noticias\/?p=8661","title":{"rendered":"Incendio Consume Vivienda en Yungay"},"content":{"rendered":"<p><img loading=\"lazy\" decoding=\"async\" src=\"http:\/\/www.yungayino.cl\/imagenes\/incendio201211.jpg\" alt=\"YUNGAYINO.CL - El Portal de Yungay\" width=\"500\" height=\"200\" \/><\/p>\n<p><span style=\"font-size: small; font-family: arial,helvetica,sans-serif;\">Yungay, un incendio consumi\u00f3 por completo una vivienda este s\u00e1bado 01 de diciembre, la cu\u00e1l se encontraba ubicada en Barrio Alto de nuestra comuna espec\u00edficamente en el Pasaje J. J. Prieto. Al lugar concurrieron Bomberos de la Segunda y Cuarta compa\u00f1\u00eda de Yungay, quienes a pesar de las dificultades por la\u00a0 falta de un grifo cercano para abastecerse de agua lograron controlar el fuego para evitar que se propagara a las casas vecinas, adem\u00e1s de la solidaria ayuda de los vecinos presentes se pudo sacar algunas cosas y evitar la quema de un vehiculo. Finalmente se\u00f1alar que las causas est\u00e1n siendo investigadas por orden del fiscal y as\u00ed esclarecer el origen de este lamentable siniestro.<\/span><\/p>\n<p><a href=\"http:\/\/www.facebook.com\/media\/set\/?set=a.557463007602076.144177.159561284058919&amp;type=1\"><span style=\"font-size: small; font-family: arial,helvetica,sans-serif;\">Fotograf\u00edas<\/span><\/a><\/p>\n","protected":false},"excerpt":{"rendered":"<p>Yungay, un incendio consumi\u00f3 por completo una vivienda este s\u00e1bado 01 de diciembre, la cu\u00e1l se encontraba ubicada en Barrio Alto de nuestra comuna espec\u00edficamente en el Pasaje J. J. Prieto. Al lugar concurrieron&#46;&#46;&#46;<\/p>\n","protected":false},"author":2,"featured_media":16108,"comment_status":"open","ping_status":"open","sticky":false,"template":"","format":"standard","meta":{"footnotes":""},"categories":[3,1],"tags":[26,1115,8,6],"class_list":["post-8661","post","type-post","status-publish","format-standard","has-post-thumbnail","hentry","category-actualidad","category-noticias","tag-incendio","tag-noticias","tag-yungay","tag-yungayino"],"_links":{"self":[{"href":"https:\/\/www.yungayino.cl\/noticias\/index.php?rest_route=\/wp\/v2\/posts\/8661","targetHints":{"allow":["GET"]}}],"collection":[{"href":"https:\/\/www.yungayino.cl\/noticias\/index.php?rest_route=\/wp\/v2\/posts"}],"about":[{"href":"https:\/\/www.yungayino.cl\/noticias\/index.php?rest_route=\/wp\/v2\/types\/post"}],"author":[{"embeddable":true,"href":"https:\/\/www.yungayino.cl\/noticias\/index.php?rest_route=\/wp\/v2\/users\/2"}],"replies":[{"embeddable":true,"href":"https:\/\/www.yungayino.cl\/noticias\/index.php?rest_route=%2Fwp%2Fv2%2Fcomments&post=8661"}],"version-history":[{"count":3,"href":"https:\/\/www.yungayino.cl\/noticias\/index.php?rest_route=\/wp\/v2\/posts\/8661\/revisions"}],"predecessor-version":[{"id":8664,"href":"https:\/\/www.yungayino.cl\/noticias\/index.php?rest_route=\/wp\/v2\/posts\/8661\/revisions\/8664"}],"wp:featuredmedia":[{"embeddable":true,"href":"https:\/\/www.yungayino.cl\/noticias\/index.php?rest_route=\/wp\/v2\/media\/16108"}],"wp:attachment":[{"href":"https:\/\/www.yungayino.cl\/noticias\/index.php?rest_route=%2Fwp%2Fv2%2Fmedia&parent=8661"}],"wp:term":[{"taxonomy":"category","embeddable":true,"href":"https:\/\/www.yungayino.cl\/noticias\/index.php?rest_route=%2Fwp%2Fv2%2Fcategories&post=8661"},{"taxonomy":"post_tag","embeddable":true,"href":"https:\/\/www.yungayino.cl\/noticias\/index.php?rest_route=%2Fwp%2Fv2%2Ftags&post=8661"}],"curies":[{"name":"wp","href":"https:\/\/api.w.org\/{rel}","templated":true}]}}