{"id":8665,"date":"2012-12-02T13:00:49","date_gmt":"2012-12-02T17:00:49","guid":{"rendered":"http:\/\/www.yungayino.cl\/noticias\/?p=8665"},"modified":"2012-12-05T13:51:46","modified_gmt":"2012-12-05T17:51:46","slug":"dirigentes-sociales-de-yungay-y-tucapel-se-capacitan-para-contribuir-a-su-fortalecimiento","status":"publish","type":"post","link":"https:\/\/www.yungayino.cl\/noticias\/?p=8665","title":{"rendered":"Dirigentes Sociales de Yungay y Tucapel se Capacitan Para Contribuir a su Fortalecimiento"},"content":{"rendered":"<p><img decoding=\"async\" src=\"http:\/\/www.yungayino.cl\/imagenes\/capacitacion20121130.jpg\" alt=\"YUNGAYINO.CL - El Portal de Yungay\" \/><\/p>\n<p><span style=\"font-size: small; font-family: arial,helvetica,sans-serif;\">Yungay, treinta dirigentes sociales de Yungay y Tucapel se capacitaron para contribuir a su fortalecimiento y forma parte de los compromisos asumidos con los vecinos del sector por las empresas a cargo de las minicentrales hidroel\u00e9ctricas de los Proyectos Baquedano y Molinos de Agua. La iniciativa que estuvo dirigida por la Fundaci\u00f3n Solmiru y se realiz\u00f3 en La Casona de Yungay.\u00a0El representante de la Fundaci\u00f3n Solmiru, Bladiel Arteaga, destac\u00f3 la importancia de este tipo de actividades, porque, seg\u00fan se\u00f1al\u00f3, \u201cson los mismos dirigentes sociales quienes m\u00e1s las aprovechan\u201d. Adem\u00e1s, resalt\u00f3 el rol de la presidenta de la Junta de Vecinos de Los Mayos, Mirta Silva, quien fue la encargada de hacer el nexo entre esta organizaci\u00f3n y Energ\u00eda Baquedano con Electro Austral. Por su parte, la presidenta de la Junta de Vecinos San Antonio Alto, Delicia Friz, propuso que este tipo de capacitaciones se mantenga durante el a\u00f1o 2013, ya que son espacios que aportan al rol de los dirigentes y por consecuencia de las organizaciones sociales. El equipo en terreno de las compa\u00f1\u00edas comunic\u00f3 a los asistentes que las jornadas seguir\u00e1n realiz\u00e1ndose a partir del mes de abril, noticia que fue bien recibida por los l\u00edderes vecinales. Adem\u00e1s de estas capacitaciones, durante este tiempo las empresas han realizado otros talleres con dirigentes de la zona precordillerana, han apoyado actividades tradicionales, han asesorado a los vecinos en la postulaci\u00f3n de proyectos y han realizado una entrega permanente de informaci\u00f3n a las comunidades locales.\u00a0<\/span><\/p>\n<p><a href=\"http:\/\/www.facebook.com\/media\/set\/?set=a.558653324149711.144415.159561284058919&amp;type=1\"><span style=\"font-size: small; font-family: arial,helvetica,sans-serif;\">Fotograf\u00edas<\/span><\/a><\/p>\n","protected":false},"excerpt":{"rendered":"<p>Yungay, treinta dirigentes sociales de Yungay y Tucapel se capacitaron para contribuir a su fortalecimiento y forma parte de los compromisos asumidos con los vecinos del sector por las empresas a cargo de las&#46;&#46;&#46;<\/p>\n","protected":false},"author":2,"featured_media":16109,"comment_status":"open","ping_status":"open","sticky":false,"template":"","format":"standard","meta":{"footnotes":""},"categories":[3,1],"tags":[585,587,586,1115,8,6],"class_list":["post-8665","post","type-post","status-publish","format-standard","has-post-thumbnail","hentry","category-actualidad","category-noticias","tag-capacitacion","tag-electro-austral","tag-energia-baquedano","tag-noticias","tag-yungay","tag-yungayino"],"_links":{"self":[{"href":"https:\/\/www.yungayino.cl\/noticias\/index.php?rest_route=\/wp\/v2\/posts\/8665","targetHints":{"allow":["GET"]}}],"collection":[{"href":"https:\/\/www.yungayino.cl\/noticias\/index.php?rest_route=\/wp\/v2\/posts"}],"about":[{"href":"https:\/\/www.yungayino.cl\/noticias\/index.php?rest_route=\/wp\/v2\/types\/post"}],"author":[{"embeddable":true,"href":"https:\/\/www.yungayino.cl\/noticias\/index.php?rest_route=\/wp\/v2\/users\/2"}],"replies":[{"embeddable":true,"href":"https:\/\/www.yungayino.cl\/noticias\/index.php?rest_route=%2Fwp%2Fv2%2Fcomments&post=8665"}],"version-history":[{"count":3,"href":"https:\/\/www.yungayino.cl\/noticias\/index.php?rest_route=\/wp\/v2\/posts\/8665\/revisions"}],"predecessor-version":[{"id":8668,"href":"https:\/\/www.yungayino.cl\/noticias\/index.php?rest_route=\/wp\/v2\/posts\/8665\/revisions\/8668"}],"wp:featuredmedia":[{"embeddable":true,"href":"https:\/\/www.yungayino.cl\/noticias\/index.php?rest_route=\/wp\/v2\/media\/16109"}],"wp:attachment":[{"href":"https:\/\/www.yungayino.cl\/noticias\/index.php?rest_route=%2Fwp%2Fv2%2Fmedia&parent=8665"}],"wp:term":[{"taxonomy":"category","embeddable":true,"href":"https:\/\/www.yungayino.cl\/noticias\/index.php?rest_route=%2Fwp%2Fv2%2Fcategories&post=8665"},{"taxonomy":"post_tag","embeddable":true,"href":"https:\/\/www.yungayino.cl\/noticias\/index.php?rest_route=%2Fwp%2Fv2%2Ftags&post=8665"}],"curies":[{"name":"wp","href":"https:\/\/api.w.org\/{rel}","templated":true}]}}