{"id":8707,"date":"2012-12-12T22:14:20","date_gmt":"2012-12-13T02:14:20","guid":{"rendered":"http:\/\/www.yungayino.cl\/noticias\/?p=8707"},"modified":"2012-12-13T15:57:18","modified_gmt":"2012-12-13T19:57:18","slug":"en-yungay-se-celebro-dia-internacional-de-la-discapacidad","status":"publish","type":"post","link":"https:\/\/www.yungayino.cl\/noticias\/?p=8707","title":{"rendered":"En Yungay se Celebro \u201cD\u00eda Internacional de la Discapacidad\u201d"},"content":{"rendered":"<p><img decoding=\"async\" src=\"http:\/\/www.yungayino.cl\/imagenes\/diadiscapacidad.jpg\" alt=\"YUNGAYINO.CL - El Portal de Yungay\" \/><\/p>\n<p><span style=\"font-size: small; font-family: arial,helvetica,sans-serif;\">Yungay, este martes 11 de diciembre a partir de las 10:00 horas en el Auditorio de la Biblioteca Municipal se realizo el acto con motivo de la celebraci\u00f3n del \u201cD\u00eda Internacional de la Discapacidad\u201d. La actividad estuvo encabezada por el alcalde Pedro Inostroza junto al Consejo Municipal e invitados especiales, quienes iniciaron el acto entonando la Canci\u00f3n Nacional con la interpretaci\u00f3n de los alumnos opci\u00f3n 4 del Liceo A-17. Adem\u00e1s en la ocasi\u00f3n se hizo entrega de diplomas alumnos Integrados, se realizo un n\u00famero art\u00edstico a cargo del Taller de Baile Liceo Campanario y una Batucada. Finalmente los presentes compartieron un coctel.<\/span><\/p>\n<p><a href=\"http:\/\/www.facebook.com\/media\/set\/?set=a.562604333754610.144985.159561284058919&amp;type=1\"><span style=\"font-size: small; font-family: arial,helvetica,sans-serif;\">Fotograf\u00edas<\/span><\/a><\/p>\n","protected":false},"excerpt":{"rendered":"<p>Yungay, este martes 11 de diciembre a partir de las 10:00 horas en el Auditorio de la Biblioteca Municipal se realizo el acto con motivo de la celebraci\u00f3n del \u201cD\u00eda Internacional de la Discapacidad\u201d.&#46;&#46;&#46;<\/p>\n","protected":false},"author":2,"featured_media":16117,"comment_status":"open","ping_status":"open","sticky":false,"template":"","format":"standard","meta":{"footnotes":""},"categories":[1],"tags":[292,1115,8,6],"class_list":["post-8707","post","type-post","status-publish","format-standard","has-post-thumbnail","hentry","category-noticias","tag-dia-discapacidad","tag-noticias","tag-yungay","tag-yungayino"],"_links":{"self":[{"href":"https:\/\/www.yungayino.cl\/noticias\/index.php?rest_route=\/wp\/v2\/posts\/8707","targetHints":{"allow":["GET"]}}],"collection":[{"href":"https:\/\/www.yungayino.cl\/noticias\/index.php?rest_route=\/wp\/v2\/posts"}],"about":[{"href":"https:\/\/www.yungayino.cl\/noticias\/index.php?rest_route=\/wp\/v2\/types\/post"}],"author":[{"embeddable":true,"href":"https:\/\/www.yungayino.cl\/noticias\/index.php?rest_route=\/wp\/v2\/users\/2"}],"replies":[{"embeddable":true,"href":"https:\/\/www.yungayino.cl\/noticias\/index.php?rest_route=%2Fwp%2Fv2%2Fcomments&post=8707"}],"version-history":[{"count":4,"href":"https:\/\/www.yungayino.cl\/noticias\/index.php?rest_route=\/wp\/v2\/posts\/8707\/revisions"}],"predecessor-version":[{"id":8711,"href":"https:\/\/www.yungayino.cl\/noticias\/index.php?rest_route=\/wp\/v2\/posts\/8707\/revisions\/8711"}],"wp:featuredmedia":[{"embeddable":true,"href":"https:\/\/www.yungayino.cl\/noticias\/index.php?rest_route=\/wp\/v2\/media\/16117"}],"wp:attachment":[{"href":"https:\/\/www.yungayino.cl\/noticias\/index.php?rest_route=%2Fwp%2Fv2%2Fmedia&parent=8707"}],"wp:term":[{"taxonomy":"category","embeddable":true,"href":"https:\/\/www.yungayino.cl\/noticias\/index.php?rest_route=%2Fwp%2Fv2%2Fcategories&post=8707"},{"taxonomy":"post_tag","embeddable":true,"href":"https:\/\/www.yungayino.cl\/noticias\/index.php?rest_route=%2Fwp%2Fv2%2Ftags&post=8707"}],"curies":[{"name":"wp","href":"https:\/\/api.w.org\/{rel}","templated":true}]}}