{"id":8783,"date":"2013-01-13T18:00:05","date_gmt":"2013-01-13T22:00:05","guid":{"rendered":"http:\/\/www.yungayino.cl\/noticias\/?p=8783"},"modified":"2013-01-13T23:34:25","modified_gmt":"2013-01-14T03:34:25","slug":"yungay-afina-los-ultimos-detalles-para-celebrar-171-anos-de-vida","status":"publish","type":"post","link":"https:\/\/www.yungayino.cl\/noticias\/?p=8783","title":{"rendered":"Yungay Afina los \u00daltimos Detalles para Celebrar 171 A\u00f1os de Vida"},"content":{"rendered":"<p><span style=\"font-size: small; font-family: arial,helvetica,sans-serif;\">Yungay 14 de enero 2013, la comuna se encuentra afinando los \u00faltimos detalles para la celebraci\u00f3n de los 171 a\u00f1os de vida el pr\u00f3ximo 20 de enero y donde la historia se\u00f1ala que el a\u00f1o 1842 el General Fernando Baquedano, decide fundar Yungay, que en lengua quechua significa <strong>\u201cMi Valle Templado\u201d.<\/strong> En donde el Municipio a organizado un variado programa de actividades, se destaca la tradicional <strong>\u201cSemana Yungayina 2013\u201d,<\/strong> la cual se inicia este s\u00e1bado 19 de enero en la localidad de Campanario con un show art\u00edstico, con la presentaci\u00f3n de Los Galos, Ziz-Zup y Los V\u00e1squez, el cu\u00e1l se desarrollar\u00e1 en el estadio de dicha localidad. Se\u00f1alar como ya es tradicional que el Portal Yungayino.cl ya tiene publicada su encuesta para elegir el artista m\u00e1s popular de este a\u00f1o y donde t\u00fa puedes votar.<\/span><\/p>\n<p><img loading=\"lazy\" decoding=\"async\" src=\"http:\/\/www.yungayino.cl\/imagenes\/semanayungayina_2013_01.jpg\" alt=\"YUNGAYINO.CL - - El Portal de Yungay\" width=\"500\" height=\"328\" \/><\/p>\n<p><img loading=\"lazy\" decoding=\"async\" src=\"http:\/\/www.yungayino.cl\/imagenes\/semanayungayina_2013_02.jpg\" alt=\"YUNGAYINO.CL - - El Portal de Yungay\" width=\"500\" height=\"327\" \/><\/p>\n","protected":false},"excerpt":{"rendered":"<p>Yungay 14 de enero 2013, la comuna se encuentra afinando los \u00faltimos detalles para la celebraci\u00f3n de los 171 a\u00f1os de vida el pr\u00f3ximo 20 de enero y donde la historia se\u00f1ala que el&#46;&#46;&#46;<\/p>\n","protected":false},"author":2,"featured_media":16135,"comment_status":"open","ping_status":"open","sticky":false,"template":"","format":"standard","meta":{"footnotes":""},"categories":[3,5,14,1,15],"tags":[1115,600,8,6],"class_list":["post-8783","post","type-post","status-publish","format-standard","has-post-thumbnail","hentry","category-actualidad","category-eventos","category-historia","category-noticias","category-turismo","tag-noticias","tag-semana-yungayina-2013","tag-yungay","tag-yungayino"],"_links":{"self":[{"href":"https:\/\/www.yungayino.cl\/noticias\/index.php?rest_route=\/wp\/v2\/posts\/8783","targetHints":{"allow":["GET"]}}],"collection":[{"href":"https:\/\/www.yungayino.cl\/noticias\/index.php?rest_route=\/wp\/v2\/posts"}],"about":[{"href":"https:\/\/www.yungayino.cl\/noticias\/index.php?rest_route=\/wp\/v2\/types\/post"}],"author":[{"embeddable":true,"href":"https:\/\/www.yungayino.cl\/noticias\/index.php?rest_route=\/wp\/v2\/users\/2"}],"replies":[{"embeddable":true,"href":"https:\/\/www.yungayino.cl\/noticias\/index.php?rest_route=%2Fwp%2Fv2%2Fcomments&post=8783"}],"version-history":[{"count":12,"href":"https:\/\/www.yungayino.cl\/noticias\/index.php?rest_route=\/wp\/v2\/posts\/8783\/revisions"}],"predecessor-version":[{"id":8795,"href":"https:\/\/www.yungayino.cl\/noticias\/index.php?rest_route=\/wp\/v2\/posts\/8783\/revisions\/8795"}],"wp:featuredmedia":[{"embeddable":true,"href":"https:\/\/www.yungayino.cl\/noticias\/index.php?rest_route=\/wp\/v2\/media\/16135"}],"wp:attachment":[{"href":"https:\/\/www.yungayino.cl\/noticias\/index.php?rest_route=%2Fwp%2Fv2%2Fmedia&parent=8783"}],"wp:term":[{"taxonomy":"category","embeddable":true,"href":"https:\/\/www.yungayino.cl\/noticias\/index.php?rest_route=%2Fwp%2Fv2%2Fcategories&post=8783"},{"taxonomy":"post_tag","embeddable":true,"href":"https:\/\/www.yungayino.cl\/noticias\/index.php?rest_route=%2Fwp%2Fv2%2Ftags&post=8783"}],"curies":[{"name":"wp","href":"https:\/\/api.w.org\/{rel}","templated":true}]}}