{"id":8808,"date":"2013-01-13T18:00:29","date_gmt":"2013-01-13T22:00:29","guid":{"rendered":"http:\/\/www.yungayino.cl\/noticias\/?p=8808"},"modified":"2013-01-17T13:46:39","modified_gmt":"2013-01-17T17:46:39","slug":"con-gran-exito-se-desarrollo-segunda-version-de-la-fiesta-del-cordero-en-tucapel","status":"publish","type":"post","link":"https:\/\/www.yungayino.cl\/noticias\/?p=8808","title":{"rendered":"Con Gran \u00c9xito se Desarrollo Segunda Versi\u00f3n de la \u201cFiesta del Cordero\u201d en Tucapel"},"content":{"rendered":"<p><img loading=\"lazy\" decoding=\"async\" src=\"http:\/\/www.yungayino.cl\/imagenes\/fiestacorderotucapel.jpg\" alt=\"YUNGAYINO.CL - - El Portal de Yungay\" width=\"500\" height=\"200\" \/><\/p>\n<p><span style=\"font-size: small; font-family: arial,helvetica,sans-serif;\">Tucapel, con gran \u00e9xito se desarrollo la segunda versi\u00f3n de la \u201cFiesta del Cordero\u201d<strong> <\/strong>el pasado domingo 13 de enero, la cu\u00e1l se llevo a cabo en el Balneario Municipal como una forma de preservar las tradiciones del campo chileno y que fue organizada por el Comit\u00e9 Campo Lindo, cuyos miembros pertenecen al Programa Prodesal de la Municipalidad de Tucapel. En la actividad estuvo presente el alcalde de la comuna, Jos\u00e9 Antonio Fern\u00e1ndez, los concejales Dina Guti\u00e9rrez Salazar y H\u00e9ctor C\u00f3rdova Sabah, adem\u00e1s de la jefa de \u00e1rea de Indap Ivonne Astroza, el encargado de la unidad de Prodesal de la Municipalidad de Tucapel, Mario Stuardo, los integrantes del comit\u00e9 Campo Lindo, encabezados por su presidenta, Sonia Iturra y los visitantes. La fiesta comenz\u00f3 con un saludo de las autoridades a los asistentes, para luego realizar un recorrido por los diferentes stands de artesan\u00eda y productos que genera el comit\u00e9 Campo Lindo. Las ventas de los productos t\u00edpicos como cordero asado al palo, humitas, mote con huesillo, etc, comenzaron cuando las autoridades realizaron el tradicional corte de cinta, dando por inaugurada la Fiesta del Cordero, que se extendi\u00f3 hasta pasadas las 20:30 horas. La actividad cont\u00f3 con la presencia de conjuntos folcl\u00f3ricos de la zona y donde el encargado de abrir el show fue \u201cCantares de Yungay\u201d, para m\u00e1s tarde ser el turno de Leonel Castro, cantor popular de la zona. Tambi\u00e9n se present\u00f3, Ram\u00f3n Pino, m\u00e1s conocido como \u201cDon Delfa\u201d, quien alegr\u00f3 al p\u00fablico con sus canciones, el baile y el cierre de la jornada estuvo a cargo del grupo \u201c\u00c1guilas del Monte\u201d.<\/span><\/p>\n<p><a href=\"http:\/\/www.facebook.com\/media\/set\/?set=a.580840725264304.148227.159561284058919&amp;type=1\"><span style=\"font-size: small; font-family: arial,helvetica,sans-serif;\">Fotograf\u00edas<\/span><\/a><\/p>\n","protected":false},"excerpt":{"rendered":"<p>Tucapel, con gran \u00e9xito se desarrollo la segunda versi\u00f3n de la \u201cFiesta del Cordero\u201d el pasado domingo 13 de enero, la cu\u00e1l se llevo a cabo en el Balneario Municipal como una forma de&#46;&#46;&#46;<\/p>\n","protected":false},"author":2,"featured_media":16137,"comment_status":"open","ping_status":"open","sticky":false,"template":"","format":"standard","meta":{"footnotes":""},"categories":[1],"tags":[601,140,1115,104,8,6],"class_list":["post-8808","post","type-post","status-publish","format-standard","has-post-thumbnail","hentry","category-noticias","tag-fiesta-del-cordero","tag-indap","tag-noticias","tag-tucapel","tag-yungay","tag-yungayino"],"_links":{"self":[{"href":"https:\/\/www.yungayino.cl\/noticias\/index.php?rest_route=\/wp\/v2\/posts\/8808","targetHints":{"allow":["GET"]}}],"collection":[{"href":"https:\/\/www.yungayino.cl\/noticias\/index.php?rest_route=\/wp\/v2\/posts"}],"about":[{"href":"https:\/\/www.yungayino.cl\/noticias\/index.php?rest_route=\/wp\/v2\/types\/post"}],"author":[{"embeddable":true,"href":"https:\/\/www.yungayino.cl\/noticias\/index.php?rest_route=\/wp\/v2\/users\/2"}],"replies":[{"embeddable":true,"href":"https:\/\/www.yungayino.cl\/noticias\/index.php?rest_route=%2Fwp%2Fv2%2Fcomments&post=8808"}],"version-history":[{"count":6,"href":"https:\/\/www.yungayino.cl\/noticias\/index.php?rest_route=\/wp\/v2\/posts\/8808\/revisions"}],"predecessor-version":[{"id":8814,"href":"https:\/\/www.yungayino.cl\/noticias\/index.php?rest_route=\/wp\/v2\/posts\/8808\/revisions\/8814"}],"wp:featuredmedia":[{"embeddable":true,"href":"https:\/\/www.yungayino.cl\/noticias\/index.php?rest_route=\/wp\/v2\/media\/16137"}],"wp:attachment":[{"href":"https:\/\/www.yungayino.cl\/noticias\/index.php?rest_route=%2Fwp%2Fv2%2Fmedia&parent=8808"}],"wp:term":[{"taxonomy":"category","embeddable":true,"href":"https:\/\/www.yungayino.cl\/noticias\/index.php?rest_route=%2Fwp%2Fv2%2Fcategories&post=8808"},{"taxonomy":"post_tag","embeddable":true,"href":"https:\/\/www.yungayino.cl\/noticias\/index.php?rest_route=%2Fwp%2Fv2%2Ftags&post=8808"}],"curies":[{"name":"wp","href":"https:\/\/api.w.org\/{rel}","templated":true}]}}