{"id":8822,"date":"2013-01-20T23:00:00","date_gmt":"2013-01-21T03:00:00","guid":{"rendered":"http:\/\/www.yungayino.cl\/noticias\/?p=8822"},"modified":"2013-01-21T23:09:12","modified_gmt":"2013-01-22T03:09:12","slug":"yungay-celebra-171-anos-de-vida","status":"publish","type":"post","link":"https:\/\/www.yungayino.cl\/noticias\/?p=8822","title":{"rendered":"Yungay Celebra 171 A\u00f1os de Vida"},"content":{"rendered":"<p><img loading=\"lazy\" decoding=\"async\" src=\"http:\/\/www.yungayino.cl\/imagenes\/desfile20130120.jpg\" alt=\"YUNGAYINO.CL - - El Portal de Yungay\" width=\"500\" height=\"200\" \/><\/p>\n<p><span style=\"font-size: small; font-family: arial,helvetica,sans-serif;\">Yungay, con el tradicional desfile c\u00edvico, frente al municipio los yungayinos celebraron 171 a\u00f1os de vida de la comuna, actividad que convoc\u00f3 a la mayor\u00eda de las fuerzas ciudadanas activas. La jornada de celebraci\u00f3n de aniversario se inicio con el embanderamiento de las casas, para que luego la banda instrumental realizara un recorrido por las calles de la comuna. Posteriormente se realiz\u00f3 una Misa de acci\u00f3n de gracia presidida por el P\u00e1rroco Nelson Jara, y luego las autoridades pol\u00edticas, organizaciones sociales y p\u00fablico en general se trasladaron a la Plaza Iquique a dejar una ofrenda floral al General Fernando Baquedano. A continuaci\u00f3n se dio inicio al acto c\u00edvico y desfile de Aniversario 171 de Yungay, donde se destaco la historia de la comuna y tambi\u00e9n el alcalde Pedro Inostroza realizo un discurso en el cu\u00e1l hizo un llamado a seguir trabajando todos unidos por el com\u00fan crecimiento de la comuna. Se\u00f1alar que se hicieron presentes el Senador V\u00edctor P\u00e9rez Varela, los Diputados Carlos Abel Jarpa y Rosauro Mart\u00ednez, que junto a las autoridades locales e invitados aplaudieron el paso de todas las fuerzas vivas de la comuna que rindieron homenaje a la tierra que las vio nacer. Finalmente se\u00f1alar que \u00a0la Municipalidad ha organizado una gran cantidad de actividades y shows, destac\u00e1ndose para esta semana la presentaci\u00f3n de Illapu, Los Kuatreros, Los Halcones Negros, Andr\u00e9s de Le\u00f3n, Los Bunkers,\u00a0 Villa Cari\u00f1o, Noche de Brujas entre otros, los shows se llevaran a cabo en el Balneario Trilaleo y lo m\u00e1s destacado es que todas las actividades son totalmente gratis, para que puedan participar todas las familias yungayinas y visitantes.<\/span><\/p>\n<p><a href=\"http:\/\/www.facebook.com\/media\/set\/?set=a.583073255041051.148597.159561284058919&amp;type=1\"><span style=\"font-size: small; font-family: arial,helvetica,sans-serif;\">Fotograf\u00edas<\/span><\/a><\/p>\n","protected":false},"excerpt":{"rendered":"<p>Yungay, con el tradicional desfile c\u00edvico, frente al municipio los yungayinos celebraron 171 a\u00f1os de vida de la comuna, actividad que convoc\u00f3 a la mayor\u00eda de las fuerzas ciudadanas activas. La jornada de celebraci\u00f3n&#46;&#46;&#46;<\/p>\n","protected":false},"author":2,"featured_media":16140,"comment_status":"open","ping_status":"open","sticky":false,"template":"","format":"standard","meta":{"footnotes":""},"categories":[3,5,14,1],"tags":[1115,600,8,6],"class_list":["post-8822","post","type-post","status-publish","format-standard","has-post-thumbnail","hentry","category-actualidad","category-eventos","category-historia","category-noticias","tag-noticias","tag-semana-yungayina-2013","tag-yungay","tag-yungayino"],"_links":{"self":[{"href":"https:\/\/www.yungayino.cl\/noticias\/index.php?rest_route=\/wp\/v2\/posts\/8822","targetHints":{"allow":["GET"]}}],"collection":[{"href":"https:\/\/www.yungayino.cl\/noticias\/index.php?rest_route=\/wp\/v2\/posts"}],"about":[{"href":"https:\/\/www.yungayino.cl\/noticias\/index.php?rest_route=\/wp\/v2\/types\/post"}],"author":[{"embeddable":true,"href":"https:\/\/www.yungayino.cl\/noticias\/index.php?rest_route=\/wp\/v2\/users\/2"}],"replies":[{"embeddable":true,"href":"https:\/\/www.yungayino.cl\/noticias\/index.php?rest_route=%2Fwp%2Fv2%2Fcomments&post=8822"}],"version-history":[{"count":5,"href":"https:\/\/www.yungayino.cl\/noticias\/index.php?rest_route=\/wp\/v2\/posts\/8822\/revisions"}],"predecessor-version":[{"id":8844,"href":"https:\/\/www.yungayino.cl\/noticias\/index.php?rest_route=\/wp\/v2\/posts\/8822\/revisions\/8844"}],"wp:featuredmedia":[{"embeddable":true,"href":"https:\/\/www.yungayino.cl\/noticias\/index.php?rest_route=\/wp\/v2\/media\/16140"}],"wp:attachment":[{"href":"https:\/\/www.yungayino.cl\/noticias\/index.php?rest_route=%2Fwp%2Fv2%2Fmedia&parent=8822"}],"wp:term":[{"taxonomy":"category","embeddable":true,"href":"https:\/\/www.yungayino.cl\/noticias\/index.php?rest_route=%2Fwp%2Fv2%2Fcategories&post=8822"},{"taxonomy":"post_tag","embeddable":true,"href":"https:\/\/www.yungayino.cl\/noticias\/index.php?rest_route=%2Fwp%2Fv2%2Ftags&post=8822"}],"curies":[{"name":"wp","href":"https:\/\/api.w.org\/{rel}","templated":true}]}}