{"id":8828,"date":"2013-01-21T20:19:37","date_gmt":"2013-01-22T00:19:37","guid":{"rendered":"http:\/\/www.yungayino.cl\/noticias\/?p=8828"},"modified":"2013-01-21T23:36:00","modified_gmt":"2013-01-22T03:36:00","slug":"fallece-padre-de-jacqueline-van-rysselberghe-en-accidente-en-las-cercanias-de-campanario-comuna-de-yungay","status":"publish","type":"post","link":"https:\/\/www.yungayino.cl\/noticias\/?p=8828","title":{"rendered":"Fallece padre de Jacqueline Van Rysselberghe en accidente en Campanario, comuna de Yungay"},"content":{"rendered":"<p><a href=\"http:\/\/www.facebook.com\/photo.php?fbid=583114558370254&amp;set=a.453184874696557.121909.159561284058919\" target=\"_blank\"><img loading=\"lazy\" decoding=\"async\" class=\"alignnone size-full wp-image-8829\" title=\"accidente1\" src=\"http:\/\/www.yungayino.cl\/noticias\/wp-content\/uploads\/2013\/01\/accidente1.jpg\" alt=\"\" width=\"500\" height=\"282\" srcset=\"https:\/\/www.yungayino.cl\/noticias\/wp-content\/uploads\/2013\/01\/accidente1.jpg 500w, https:\/\/www.yungayino.cl\/noticias\/wp-content\/uploads\/2013\/01\/accidente1-300x169.jpg 300w, https:\/\/www.yungayino.cl\/noticias\/wp-content\/uploads\/2013\/01\/accidente1-265x150.jpg 265w\" sizes=\"auto, (max-width: 500px) 100vw, 500px\" \/><\/a><\/p>\n<p><a href=\"http:\/\/www.facebook.com\/photo.php?fbid=583134688368241&amp;set=a.453184874696557.121909.159561284058919\" target=\"_blank\"><img loading=\"lazy\" decoding=\"async\" class=\"alignnone size-full wp-image-8830\" title=\"accidente2\" src=\"http:\/\/www.yungayino.cl\/noticias\/wp-content\/uploads\/2013\/01\/accidente2.jpg\" alt=\"\" width=\"500\" height=\"375\" srcset=\"https:\/\/www.yungayino.cl\/noticias\/wp-content\/uploads\/2013\/01\/accidente2.jpg 500w, https:\/\/www.yungayino.cl\/noticias\/wp-content\/uploads\/2013\/01\/accidente2-300x225.jpg 300w, https:\/\/www.yungayino.cl\/noticias\/wp-content\/uploads\/2013\/01\/accidente2-200x150.jpg 200w\" sizes=\"auto, (max-width: 500px) 100vw, 500px\" \/><\/a><\/p>\n<p><strong>&gt; Fotograf\u00edas Yungayino.cl<\/strong><\/p>\n<p><span style=\"font-size: small;\"><span style=\"font-family: arial,helvetica,sans-serif;\">[ACCIDENTE FATAL] Lunes 21 de enero de 2013; Un accidente fatal se produjo en <\/span><span style=\"font-family: arial,helvetica,sans-serif;\">la ruta a Yungay &#8211; Cabrero, durante esta tarde por razones que se investigan <\/span><span style=\"font-family: arial,helvetica,sans-serif;\">volc\u00f3 camioneta placa patente CGXD47 dejando como resultado una persona fallecida. Se tratar\u00eda Enrique van Rysselberghe, padre de quien fuera alcaldesa de <\/span><span style=\"font-family: arial,helvetica,sans-serif;\">Concepci\u00f3n y ex intendenta de la Regi\u00f3n del Bio-B\u00edo, Jacqueline van <\/span><span style=\"font-family: arial,helvetica,sans-serif;\">Rysselberghe. <\/span><\/span><span style=\"font-family: arial,helvetica,sans-serif; font-size: small;\">El hecho se produjo alrededor de las 19:45 horas en la Ruta N-097 en la localidad de Campanario, comuna de Yungay. <\/span><\/p>\n<p>&nbsp;<\/p>\n<ul>\n<li>Audio &#8211; Accidente fatal en Campanario:<\/li>\n<\/ul>\n<p class=\"rtecenter\"><object width=\"490\" height=\"27\" classid=\"clsid:d27cdb6e-ae6d-11cf-96b8-444553540000\" codebase=\"http:\/\/download.macromedia.com\/pub\/shockwave\/cabs\/flash\/swflash.cab#version=6,0,40,0\"><param name=\"flashvars\" value=\"audioUrl=http:\/\/www.yungayino.cl\/noticias\/wp-content\/uploads\/2013\/01\/accidente_van.mp3\" \/><param name=\"quality\" value=\"best\" \/><param name=\"src\" value=\"http:\/\/www.google.com\/reader\/ui\/3523697345-audio-player.swf\" \/><embed width=\"490\" height=\"27\" type=\"application\/x-shockwave-flash\" src=\"http:\/\/www.google.com\/reader\/ui\/3523697345-audio-player.swf\" flashvars=\"audioUrl=http:\/\/www.yungayino.cl\/noticias\/wp-content\/uploads\/2013\/01\/accidente_van.mp3\" quality=\"best\" \/><\/object><\/p>\n<p style=\"text-align: justify;\"><span style=\"font-family: arial,helvetica,sans-serif; font-size: small;\">Noticia en desarrollo&#8230;<\/span><\/p>\n<p>&nbsp;<\/p>\n<p>&gt; <a href=\"http:\/\/www.facebook.com\/photo.php?fbid=583114558370254&amp;set=a.453184874696557.121909.159561284058919\" target=\"_blank\">Fotograf\u00eda Yungayino.cl<\/a><\/p>\n","protected":false},"excerpt":{"rendered":"<p>&gt; Fotograf\u00edas Yungayino.cl [ACCIDENTE FATAL] Lunes 21 de enero de 2013; Un accidente fatal se produjo en la ruta a Yungay &#8211; Cabrero, durante esta tarde por razones que se investigan volc\u00f3 camioneta placa&#46;&#46;&#46;<\/p>\n","protected":false},"author":1,"featured_media":8829,"comment_status":"open","ping_status":"open","sticky":false,"template":"","format":"standard","meta":{"footnotes":""},"categories":[1],"tags":[48,31,25,603,8],"class_list":["post-8828","post","type-post","status-publish","format-standard","has-post-thumbnail","hentry","category-noticias","tag-accidente","tag-campanario","tag-carabineros","tag-van-rysselberghe","tag-yungay"],"_links":{"self":[{"href":"https:\/\/www.yungayino.cl\/noticias\/index.php?rest_route=\/wp\/v2\/posts\/8828","targetHints":{"allow":["GET"]}}],"collection":[{"href":"https:\/\/www.yungayino.cl\/noticias\/index.php?rest_route=\/wp\/v2\/posts"}],"about":[{"href":"https:\/\/www.yungayino.cl\/noticias\/index.php?rest_route=\/wp\/v2\/types\/post"}],"author":[{"embeddable":true,"href":"https:\/\/www.yungayino.cl\/noticias\/index.php?rest_route=\/wp\/v2\/users\/1"}],"replies":[{"embeddable":true,"href":"https:\/\/www.yungayino.cl\/noticias\/index.php?rest_route=%2Fwp%2Fv2%2Fcomments&post=8828"}],"version-history":[{"count":12,"href":"https:\/\/www.yungayino.cl\/noticias\/index.php?rest_route=\/wp\/v2\/posts\/8828\/revisions"}],"predecessor-version":[{"id":8834,"href":"https:\/\/www.yungayino.cl\/noticias\/index.php?rest_route=\/wp\/v2\/posts\/8828\/revisions\/8834"}],"wp:featuredmedia":[{"embeddable":true,"href":"https:\/\/www.yungayino.cl\/noticias\/index.php?rest_route=\/wp\/v2\/media\/8829"}],"wp:attachment":[{"href":"https:\/\/www.yungayino.cl\/noticias\/index.php?rest_route=%2Fwp%2Fv2%2Fmedia&parent=8828"}],"wp:term":[{"taxonomy":"category","embeddable":true,"href":"https:\/\/www.yungayino.cl\/noticias\/index.php?rest_route=%2Fwp%2Fv2%2Fcategories&post=8828"},{"taxonomy":"post_tag","embeddable":true,"href":"https:\/\/www.yungayino.cl\/noticias\/index.php?rest_route=%2Fwp%2Fv2%2Ftags&post=8828"}],"curies":[{"name":"wp","href":"https:\/\/api.w.org\/{rel}","templated":true}]}}