{"id":8878,"date":"2013-01-23T15:00:39","date_gmt":"2013-01-23T19:00:39","guid":{"rendered":"http:\/\/www.yungayino.cl\/noticias\/?p=8878"},"modified":"2013-01-23T20:40:13","modified_gmt":"2013-01-24T00:40:13","slug":"masivo-concierto-realizo-illapu-en-yungay","status":"publish","type":"post","link":"https:\/\/www.yungayino.cl\/noticias\/?p=8878","title":{"rendered":"Masivo Concierto Realizo Illapu en Yungay"},"content":{"rendered":"<p><img loading=\"lazy\" decoding=\"async\" src=\"http:\/\/www.yungayino.cl\/imagenes\/illapu.jpg\" alt=\"YUNGAYINO.CL - - El Portal de Yungay\" width=\"500\" height=\"200\" \/><\/p>\n<p><span style=\"font-family: arial,helvetica,sans-serif; font-size: small;\">Yungay, el reconocido grupo chileno de m\u00fasica de ra\u00edz folcl\u00f3rica Illapu se presento este mi\u00e9rcoles en Yungay ante unas 6000 personas como parte de las actividades organizadas por el municipio para la celebraci\u00f3n de los 171 a\u00f1os de vida de la comuna. El grupo nacional fue aplaudido por los miles de fan\u00e1ticos que llegaron al Balneario Trilaleo y que corearon los cl\u00e1sicos \u201cLejos del Amor\u201d, \u201cVuelvo\u201d, entre otros y aplaudieron cada una de las reivindicaciones sociales planteadas por el l\u00edder de la agrupaci\u00f3n. Se\u00f1alar que la jornada fue animada por Carlos Ulloa, qui\u00e9n presento al inicio a la cantante Sol Navell\u00e1n, para terminar la noche con el Grupo Illapu \u00a0ante un p\u00fablico euf\u00f3rico con el gran concierto exhibido y donde tambi\u00e9n se destaco el muy buen comportamiento de los asistentes y el apoyo de Carabineros con respecto a la seguridad del masivo evento. El alcalde Pedro Inostroza, manifest\u00f3 al Portal Yungayino.cl un amplio llamado a la comunidad local y de la regi\u00f3n a participar y disfrutar de las actividades, para que conozcan esta hermosa comuna, adem\u00e1s recalco que la fiesta no para, ya que se espera un nuevo masivo concierto para este viernes 25 de enero, con la presentaci\u00f3n de la exitosa Banda Nacional Los Bunkers, para continuar el s\u00e1bado con la tradicional Fogata de la Amistad, que este a\u00f1o contara con la presencia de \u201dVilla Cari\u00f1o\u201d, la banda \u201dSon de Conce\u201d, \u201cPaty Cofre\u201d, \u201cLos Cumbiancheros\u201d y \u201cNoche de Brujas\u201d. Finalmente se\u00f1alar y destacar que las actividades son gratuitas para todo el p\u00fablico.<\/span><\/p>\n<p><a href=\"http:\/\/www.facebook.com\/media\/set\/?set=a.584261118255598.148756.159561284058919&amp;type=1\"><span style=\"font-size: small; font-family: arial,helvetica,sans-serif;\">Fotograf\u00edas<\/span><\/a><\/p>\n<p><iframe loading=\"lazy\" src=\"http:\/\/www.youtube.com\/embed\/c_r_CLFBalg\" frameborder=\"0\" width=\"425\" height=\"350\"><\/iframe><\/p>\n","protected":false},"excerpt":{"rendered":"<p>Yungay, el reconocido grupo chileno de m\u00fasica de ra\u00edz folcl\u00f3rica Illapu se presento este mi\u00e9rcoles en Yungay ante unas 6000 personas como parte de las actividades organizadas por el municipio para la celebraci\u00f3n de&#46;&#46;&#46;<\/p>\n","protected":false},"author":2,"featured_media":16145,"comment_status":"open","ping_status":"open","sticky":false,"template":"","format":"standard","meta":{"footnotes":""},"categories":[3,5,1,15],"tags":[605,1115,149,600,606,8,6],"class_list":["post-8878","post","type-post","status-publish","format-standard","has-post-thumbnail","hentry","category-actualidad","category-eventos","category-noticias","category-turismo","tag-illapu","tag-noticias","tag-semana-yungayina","tag-semana-yungayina-2013","tag-sol-navellan","tag-yungay","tag-yungayino"],"_links":{"self":[{"href":"https:\/\/www.yungayino.cl\/noticias\/index.php?rest_route=\/wp\/v2\/posts\/8878","targetHints":{"allow":["GET"]}}],"collection":[{"href":"https:\/\/www.yungayino.cl\/noticias\/index.php?rest_route=\/wp\/v2\/posts"}],"about":[{"href":"https:\/\/www.yungayino.cl\/noticias\/index.php?rest_route=\/wp\/v2\/types\/post"}],"author":[{"embeddable":true,"href":"https:\/\/www.yungayino.cl\/noticias\/index.php?rest_route=\/wp\/v2\/users\/2"}],"replies":[{"embeddable":true,"href":"https:\/\/www.yungayino.cl\/noticias\/index.php?rest_route=%2Fwp%2Fv2%2Fcomments&post=8878"}],"version-history":[{"count":8,"href":"https:\/\/www.yungayino.cl\/noticias\/index.php?rest_route=\/wp\/v2\/posts\/8878\/revisions"}],"predecessor-version":[{"id":8885,"href":"https:\/\/www.yungayino.cl\/noticias\/index.php?rest_route=\/wp\/v2\/posts\/8878\/revisions\/8885"}],"wp:featuredmedia":[{"embeddable":true,"href":"https:\/\/www.yungayino.cl\/noticias\/index.php?rest_route=\/wp\/v2\/media\/16145"}],"wp:attachment":[{"href":"https:\/\/www.yungayino.cl\/noticias\/index.php?rest_route=%2Fwp%2Fv2%2Fmedia&parent=8878"}],"wp:term":[{"taxonomy":"category","embeddable":true,"href":"https:\/\/www.yungayino.cl\/noticias\/index.php?rest_route=%2Fwp%2Fv2%2Fcategories&post=8878"},{"taxonomy":"post_tag","embeddable":true,"href":"https:\/\/www.yungayino.cl\/noticias\/index.php?rest_route=%2Fwp%2Fv2%2Ftags&post=8878"}],"curies":[{"name":"wp","href":"https:\/\/api.w.org\/{rel}","templated":true}]}}