{"id":8962,"date":"2013-02-04T22:31:11","date_gmt":"2013-02-05T02:31:11","guid":{"rendered":"http:\/\/www.yungayino.cl\/noticias\/?p=8962"},"modified":"2013-02-04T22:31:11","modified_gmt":"2013-02-05T02:31:11","slug":"en-yungay-se-realizo-tradicional-fiesta-de-la-trilla-a-yegua-suelta","status":"publish","type":"post","link":"https:\/\/www.yungayino.cl\/noticias\/?p=8962","title":{"rendered":"En Yungay se Realizo Tradicional Fiesta de la Trilla a Yegua Suelta"},"content":{"rendered":"<p><img loading=\"lazy\" decoding=\"async\" alt=\"YUNGAYINO.CL - - El Portal de Yungay\" src=\"http:\/\/www.yungayino.cl\/imagenes\/trilla_2013.jpg\" width=\"500\" height=\"200\" \/><\/p>\n<p><span style=\"font-size: small; font-family: arial,helvetica,sans-serif;\">Yungay, en su constante b\u00fasqueda de potenciar las tradiciones campesinas y acercar estas mismas a toda la comunidad, la Ilustre Municipalidad de Yungay en conjunto con los Departamentos de Secplan y Prodesal realiz\u00f3 este domingo 03 de febrero la tradicional Trilla a Yegua Suelta, la que este a\u00f1o corresponde a la versi\u00f3n novena, efectu\u00e1ndose\u00a0en el sector del balneario Trilaleo de nuestra comuna. Desde temprano los organizadores y quienes cooperaron para realizar esta actividad partieron con el tradicional caldillo y harinado, para luego dar paso por la principales calles de la comuna al recorrido de carretas decoradas especialmente para la ocasi\u00f3n, con las diferentes candidatas a reina, trilladores y horqueteros. Fue as\u00ed como el alcalde Pedro Inostroza acompa\u00f1ado de concejales e invitados inauguraron esta hermosa fiesta campesina con el primer pie de cueca, que adem\u00e1s contaba con stand con artesan\u00edas y cociner\u00edas, donde se pudo degustar comida t\u00edpica, dulces y refrescos. Tambi\u00e9n hubo muestra folcl\u00f3rica y show, donde se cont\u00f3 con la participaci\u00f3n del Grupo Mapuketran, el Ballet Folcl\u00f3rico de la Escuela Fernando Baquedano, Pasi\u00f3n Cuequera, Maihuen y Los Cumbiancheros.<\/span><\/p>\n<p><a href=\"http:\/\/www.facebook.com\/media\/set\/?set=a.594398183908558.149597.159561284058919&amp;type=1\"><span style=\"font-size: small; font-family: arial,helvetica,sans-serif;\">Fotograf\u00edas<\/span><\/a><\/p>\n","protected":false},"excerpt":{"rendered":"<p>Yungay, en su constante b\u00fasqueda de potenciar las tradiciones campesinas y acercar estas mismas a toda la comunidad, la Ilustre Municipalidad de Yungay en conjunto con los Departamentos de Secplan y Prodesal realiz\u00f3 este&#46;&#46;&#46;<\/p>\n","protected":false},"author":2,"featured_media":16156,"comment_status":"open","ping_status":"open","sticky":false,"template":"","format":"standard","meta":{"footnotes":""},"categories":[1,15],"tags":[1115,600,318,8,6],"class_list":["post-8962","post","type-post","status-publish","format-standard","has-post-thumbnail","hentry","category-noticias","category-turismo","tag-noticias","tag-semana-yungayina-2013","tag-trilla","tag-yungay","tag-yungayino"],"_links":{"self":[{"href":"https:\/\/www.yungayino.cl\/noticias\/index.php?rest_route=\/wp\/v2\/posts\/8962","targetHints":{"allow":["GET"]}}],"collection":[{"href":"https:\/\/www.yungayino.cl\/noticias\/index.php?rest_route=\/wp\/v2\/posts"}],"about":[{"href":"https:\/\/www.yungayino.cl\/noticias\/index.php?rest_route=\/wp\/v2\/types\/post"}],"author":[{"embeddable":true,"href":"https:\/\/www.yungayino.cl\/noticias\/index.php?rest_route=\/wp\/v2\/users\/2"}],"replies":[{"embeddable":true,"href":"https:\/\/www.yungayino.cl\/noticias\/index.php?rest_route=%2Fwp%2Fv2%2Fcomments&post=8962"}],"version-history":[{"count":2,"href":"https:\/\/www.yungayino.cl\/noticias\/index.php?rest_route=\/wp\/v2\/posts\/8962\/revisions"}],"predecessor-version":[{"id":8964,"href":"https:\/\/www.yungayino.cl\/noticias\/index.php?rest_route=\/wp\/v2\/posts\/8962\/revisions\/8964"}],"wp:featuredmedia":[{"embeddable":true,"href":"https:\/\/www.yungayino.cl\/noticias\/index.php?rest_route=\/wp\/v2\/media\/16156"}],"wp:attachment":[{"href":"https:\/\/www.yungayino.cl\/noticias\/index.php?rest_route=%2Fwp%2Fv2%2Fmedia&parent=8962"}],"wp:term":[{"taxonomy":"category","embeddable":true,"href":"https:\/\/www.yungayino.cl\/noticias\/index.php?rest_route=%2Fwp%2Fv2%2Fcategories&post=8962"},{"taxonomy":"post_tag","embeddable":true,"href":"https:\/\/www.yungayino.cl\/noticias\/index.php?rest_route=%2Fwp%2Fv2%2Ftags&post=8962"}],"curies":[{"name":"wp","href":"https:\/\/api.w.org\/{rel}","templated":true}]}}