{"id":8976,"date":"2013-02-08T11:00:20","date_gmt":"2013-02-08T15:00:20","guid":{"rendered":"http:\/\/www.yungayino.cl\/noticias\/?p=8976"},"modified":"2013-02-08T12:48:51","modified_gmt":"2013-02-08T16:48:51","slug":"senama-presento-en-yungay-concurso-de-proyectos-para-el-fondo-nacional-del-adulto-mayor-2013","status":"publish","type":"post","link":"https:\/\/www.yungayino.cl\/noticias\/?p=8976","title":{"rendered":"Senama Presento en Yungay Concurso de Proyectos Para el Fondo Nacional del Adulto Mayor 2013"},"content":{"rendered":"<p><img decoding=\"async\" alt=\"YUNGAYINO.CL - - El Portal de Yungay\" src=\"http:\/\/www.yungayino.cl\/imagenes\/senama20130208.jpg\" \/><\/p>\n<p><span style=\"font-size: small; font-family: arial,helvetica,sans-serif;\">Yungay, viernes 08 de febrero el Servicio Nacional del Adulto Mayor, Senama, lanz\u00f3 el Fondo Nacional del Adulto Mayor 2013, con la presencia de su coordinadora regional, Lucy Amenabar, y su jefa de gabinete, Cecilia Riquelme quienes informaron los requisitos y el proceso de postulaci\u00f3n para el proceso de este a\u00f1o. A partir de hoy, y hasta el 26 de abril, est\u00e1n abiertas las postulaciones para este fondo, que en el \u00a02013 pone a disposici\u00f3n de las personas mayores del pa\u00eds <b>m\u00e1s de 3 mil 200 millones de pesos<\/b> para financiar proyectos que contribuyan a la promoci\u00f3n, protecci\u00f3n de los derechos y participaci\u00f3n social de los adultos mayores, que fomenten su autonom\u00eda, autogesti\u00f3n y asociatividad. Lucy Amenabar, coment\u00f3 que \u201ceste a\u00f1o el Fondo Nacional del Adulto Mayor en la regi\u00f3n del Biob\u00edo cuenta con un presupuesto que supera los 386 millones, los que estar\u00e1n disponibles para las organizaciones de mayores que ganen, fomentando as\u00ed su participaci\u00f3n social y mejorando su calidad de vida\u201d. La coordinadora regional del Senama agreg\u00f3 que \u201c<b>este proyecto entrega herramientas concretas para mejorar la calidad de vida de los adultos mayores de la regi\u00f3n<\/b>, promueve sus derechos y su dignidad, adem\u00e1s los mantiene activos en la sociedad\u201d. Las Bases y Formularios del concurso se pueden retirar desde hoy en las <b>Coordinaciones Regionales del Senama <\/b>o en las <b>Gobernaciones Provinciales<\/b>. Tambi\u00e9n se puede postular a trav\u00e9s de <a href=\"http:\/\/www.senama.cl\">www.senama.cl <\/a>y recibir informaci\u00f3n en el n\u00famero <b>800 4000 35<\/b>. Se\u00f1alar que el lanzamiento estuvo encabezado por el alcalde Pedro Inostroza, qui\u00e9n manifest\u00f3 a los clubes de adultos mayores de nuestra comuna presentes todo el apoyo del municipio para la postulaci\u00f3n a este concurso. Finalmente mencionar que tambi\u00e9n estuvieron presentes los concejales Marcos Cuevas y Juana Sandoval adem\u00e1s de la Directora de Dideco Marcia Ortiz.<\/span><\/p>\n<p><a href=\"http:\/\/www.facebook.com\/media\/set\/?set=a.596209477060762.149855.159561284058919&amp;type=1\"><span style=\"font-size: small; font-family: arial,helvetica,sans-serif;\">Fotograf\u00edas<\/span><\/a><\/p>\n","protected":false},"excerpt":{"rendered":"<p>Yungay, viernes 08 de febrero el Servicio Nacional del Adulto Mayor, Senama, lanz\u00f3 el Fondo Nacional del Adulto Mayor 2013, con la presencia de su coordinadora regional, Lucy Amenabar, y su jefa de gabinete,&#46;&#46;&#46;<\/p>\n","protected":false},"author":2,"featured_media":16159,"comment_status":"open","ping_status":"open","sticky":false,"template":"","format":"standard","meta":{"footnotes":""},"categories":[1],"tags":[620,1115,619,8,6],"class_list":["post-8976","post","type-post","status-publish","format-standard","has-post-thumbnail","hentry","category-noticias","tag-adutlos-mayores","tag-noticias","tag-senama","tag-yungay","tag-yungayino"],"_links":{"self":[{"href":"https:\/\/www.yungayino.cl\/noticias\/index.php?rest_route=\/wp\/v2\/posts\/8976","targetHints":{"allow":["GET"]}}],"collection":[{"href":"https:\/\/www.yungayino.cl\/noticias\/index.php?rest_route=\/wp\/v2\/posts"}],"about":[{"href":"https:\/\/www.yungayino.cl\/noticias\/index.php?rest_route=\/wp\/v2\/types\/post"}],"author":[{"embeddable":true,"href":"https:\/\/www.yungayino.cl\/noticias\/index.php?rest_route=\/wp\/v2\/users\/2"}],"replies":[{"embeddable":true,"href":"https:\/\/www.yungayino.cl\/noticias\/index.php?rest_route=%2Fwp%2Fv2%2Fcomments&post=8976"}],"version-history":[{"count":5,"href":"https:\/\/www.yungayino.cl\/noticias\/index.php?rest_route=\/wp\/v2\/posts\/8976\/revisions"}],"predecessor-version":[{"id":8981,"href":"https:\/\/www.yungayino.cl\/noticias\/index.php?rest_route=\/wp\/v2\/posts\/8976\/revisions\/8981"}],"wp:featuredmedia":[{"embeddable":true,"href":"https:\/\/www.yungayino.cl\/noticias\/index.php?rest_route=\/wp\/v2\/media\/16159"}],"wp:attachment":[{"href":"https:\/\/www.yungayino.cl\/noticias\/index.php?rest_route=%2Fwp%2Fv2%2Fmedia&parent=8976"}],"wp:term":[{"taxonomy":"category","embeddable":true,"href":"https:\/\/www.yungayino.cl\/noticias\/index.php?rest_route=%2Fwp%2Fv2%2Fcategories&post=8976"},{"taxonomy":"post_tag","embeddable":true,"href":"https:\/\/www.yungayino.cl\/noticias\/index.php?rest_route=%2Fwp%2Fv2%2Ftags&post=8976"}],"curies":[{"name":"wp","href":"https:\/\/api.w.org\/{rel}","templated":true}]}}