{"id":9006,"date":"2013-02-11T22:00:11","date_gmt":"2013-02-12T02:00:11","guid":{"rendered":"http:\/\/www.yungayino.cl\/noticias\/?p=9006"},"modified":"2013-02-11T22:31:49","modified_gmt":"2013-02-12T02:31:49","slug":"comuna-de-pemuco-inaugura-concurso-de-artesanos","status":"publish","type":"post","link":"https:\/\/www.yungayino.cl\/noticias\/?p=9006","title":{"rendered":"Comuna de Pemuco Inaugura \u201cConcurso de Artesanos\u201d"},"content":{"rendered":"<p><img loading=\"lazy\" decoding=\"async\" alt=\"YUNGAYINO.CL - El Portal de Yungay\" src=\"http:\/\/www.yungayino.cl\/imagenes\/artesanospemuco.jpg\" width=\"500\" height=\"200\" \/><\/p>\n<p><span style=\"font-size: small; font-family: arial,helvetica,sans-serif;\">Pemuco, lunes 11 de febrero en el marco de las actividades insertas en la semana pemucana 2013, esta tarde se inaugur\u00f3 el concurso de artesanos de Pemuco, evento que se cerrara el pr\u00f3ximo domingo 17 a las 13 horas con la gran ceremonia de premiaci\u00f3n. Participan en la gran muestra y concurso 15 artesanos, ocho de los cuales muestran a la comunidad de Pemuco y \u00d1uble sus mejores trabajos en diferentes t\u00e9cnicas como bordados, greda, tejidos, madera y otras destrezas. Otros siete exponentes muestran en sus stands sus mejores productos en la producci\u00f3n hortofrut\u00edcola, \u00e1rea productiva que el nuevo municipio local quiere potenciar al m\u00e1ximo. La alcaldesa Jacqueline Gu\u00ed\u00f1ez destac\u00f3 el trabajo de los exponentes, se\u00f1alando que \u201ceste a\u00f1o quisimos darle la importancia y prioridad que se merecen los artesanos de Pemuco, d\u00e1ndoles el impulso necesario para su desarrollo. Adem\u00e1s proyectamos al futuro cercano posibilitar las ventas de sus productos en el mismo recinto que hoy ocupamos, complementando esos servicios con ofertas gastron\u00f3micas de platos t\u00edpicos criollos, resguardando as\u00ed de paso nuestro patrimonio cultural\u201d.<\/span><\/p>\n<p>&nbsp;<\/p>\n","protected":false},"excerpt":{"rendered":"<p>Pemuco, lunes 11 de febrero en el marco de las actividades insertas en la semana pemucana 2013, esta tarde se inaugur\u00f3 el concurso de artesanos de Pemuco, evento que se cerrara el pr\u00f3ximo domingo&#46;&#46;&#46;<\/p>\n","protected":false},"author":2,"featured_media":16164,"comment_status":"open","ping_status":"open","sticky":false,"template":"","format":"standard","meta":{"footnotes":""},"categories":[1],"tags":[623,1115,30,6],"class_list":["post-9006","post","type-post","status-publish","format-standard","has-post-thumbnail","hentry","category-noticias","tag-artesanos","tag-noticias","tag-pemuco","tag-yungayino"],"_links":{"self":[{"href":"https:\/\/www.yungayino.cl\/noticias\/index.php?rest_route=\/wp\/v2\/posts\/9006","targetHints":{"allow":["GET"]}}],"collection":[{"href":"https:\/\/www.yungayino.cl\/noticias\/index.php?rest_route=\/wp\/v2\/posts"}],"about":[{"href":"https:\/\/www.yungayino.cl\/noticias\/index.php?rest_route=\/wp\/v2\/types\/post"}],"author":[{"embeddable":true,"href":"https:\/\/www.yungayino.cl\/noticias\/index.php?rest_route=\/wp\/v2\/users\/2"}],"replies":[{"embeddable":true,"href":"https:\/\/www.yungayino.cl\/noticias\/index.php?rest_route=%2Fwp%2Fv2%2Fcomments&post=9006"}],"version-history":[{"count":3,"href":"https:\/\/www.yungayino.cl\/noticias\/index.php?rest_route=\/wp\/v2\/posts\/9006\/revisions"}],"predecessor-version":[{"id":9009,"href":"https:\/\/www.yungayino.cl\/noticias\/index.php?rest_route=\/wp\/v2\/posts\/9006\/revisions\/9009"}],"wp:featuredmedia":[{"embeddable":true,"href":"https:\/\/www.yungayino.cl\/noticias\/index.php?rest_route=\/wp\/v2\/media\/16164"}],"wp:attachment":[{"href":"https:\/\/www.yungayino.cl\/noticias\/index.php?rest_route=%2Fwp%2Fv2%2Fmedia&parent=9006"}],"wp:term":[{"taxonomy":"category","embeddable":true,"href":"https:\/\/www.yungayino.cl\/noticias\/index.php?rest_route=%2Fwp%2Fv2%2Fcategories&post=9006"},{"taxonomy":"post_tag","embeddable":true,"href":"https:\/\/www.yungayino.cl\/noticias\/index.php?rest_route=%2Fwp%2Fv2%2Ftags&post=9006"}],"curies":[{"name":"wp","href":"https:\/\/api.w.org\/{rel}","templated":true}]}}