{"id":9010,"date":"2013-02-12T18:00:06","date_gmt":"2013-02-12T22:00:06","guid":{"rendered":"http:\/\/www.yungayino.cl\/noticias\/?p=9010"},"modified":"2013-02-12T19:04:08","modified_gmt":"2013-02-12T23:04:08","slug":"inauguran-xi-version-de-la-feria-costumbrista-en-yungay","status":"publish","type":"post","link":"https:\/\/www.yungayino.cl\/noticias\/?p=9010","title":{"rendered":"Inauguran XI versi\u00f3n de la Feria Costumbrista en Yungay"},"content":{"rendered":"<p><img loading=\"lazy\" decoding=\"async\" alt=\"YUNGAYINO.CL - - El Portal de Yungay\" src=\"http:\/\/www.yungayino.cl\/imagenes\/inauguracionferia2013.jpg\" width=\"500\" height=\"200\" \/><\/p>\n<p><span style=\"font-size: small; font-family: arial,helvetica,sans-serif;\">Yungay martes 12 de febrero 2013, como ya es tradici\u00f3n al mediod\u00eda de hoy se realizo un acto para la inauguraci\u00f3n de la XI \u00a0Feria Costumbrista, el cual cont\u00f3 con la participaci\u00f3n del Grupo Folcl\u00f3rico Mapuketr\u00e1n\u00a0 y estuvo encabezado por el alcalde Pedro Inostroza, Concejales y Autoridades Locales, quienes realizaron el tradicional corte de cinta, para finalizar con un recorrido por los Stand y luego compartir un coctel. Destacar que la feria se llevar\u00e1 a cabo entre los d\u00edas 11 de febrero al 17 de febrero en la Plaza Iquique de nuestra ciudad, siendo esta una gran oportunidad de mantener nuestras costumbres y tradiciones, adem\u00e1s se\u00f1alar que durante el d\u00eda se podr\u00e1 contar con diferentes stand, donde se podr\u00e1 disfrutar de platos t\u00edpicos, artesan\u00eda, muebles, chocolates, jugos, licores, manualidades ,adem\u00e1s todos los d\u00edas y de forma gratuita a contar de las 21:30 horas se realizar\u00e1n show al aire libre con la participaci\u00f3n de Conjuntos Folkl\u00f3ricos, Payadores, Talleres de Baile, Artistas Locales y m\u00e1s. Finalmente el alcalde hizo un llamado a los yungayinos y visitantes a compartir en familia y a disfrutar de esta tradicional feria.<\/span><\/p>\n<p><a href=\"http:\/\/www.facebook.com\/media\/set\/?set=a.598447930170250.150199.159561284058919&amp;type=1\"><span style=\"font-size: small; font-family: arial,helvetica,sans-serif;\">Fotograf\u00edas<\/span><\/a><\/p>\n","protected":false},"excerpt":{"rendered":"<p>Yungay martes 12 de febrero 2013, como ya es tradici\u00f3n al mediod\u00eda de hoy se realizo un acto para la inauguraci\u00f3n de la XI \u00a0Feria Costumbrista, el cual cont\u00f3 con la participaci\u00f3n del Grupo&#46;&#46;&#46;<\/p>\n","protected":false},"author":2,"featured_media":16165,"comment_status":"open","ping_status":"open","sticky":false,"template":"","format":"standard","meta":{"footnotes":""},"categories":[1,15],"tags":[24,1115,8,6],"class_list":["post-9010","post","type-post","status-publish","format-standard","has-post-thumbnail","hentry","category-noticias","category-turismo","tag-feria-costumbrista","tag-noticias","tag-yungay","tag-yungayino"],"_links":{"self":[{"href":"https:\/\/www.yungayino.cl\/noticias\/index.php?rest_route=\/wp\/v2\/posts\/9010","targetHints":{"allow":["GET"]}}],"collection":[{"href":"https:\/\/www.yungayino.cl\/noticias\/index.php?rest_route=\/wp\/v2\/posts"}],"about":[{"href":"https:\/\/www.yungayino.cl\/noticias\/index.php?rest_route=\/wp\/v2\/types\/post"}],"author":[{"embeddable":true,"href":"https:\/\/www.yungayino.cl\/noticias\/index.php?rest_route=\/wp\/v2\/users\/2"}],"replies":[{"embeddable":true,"href":"https:\/\/www.yungayino.cl\/noticias\/index.php?rest_route=%2Fwp%2Fv2%2Fcomments&post=9010"}],"version-history":[{"count":3,"href":"https:\/\/www.yungayino.cl\/noticias\/index.php?rest_route=\/wp\/v2\/posts\/9010\/revisions"}],"predecessor-version":[{"id":9013,"href":"https:\/\/www.yungayino.cl\/noticias\/index.php?rest_route=\/wp\/v2\/posts\/9010\/revisions\/9013"}],"wp:featuredmedia":[{"embeddable":true,"href":"https:\/\/www.yungayino.cl\/noticias\/index.php?rest_route=\/wp\/v2\/media\/16165"}],"wp:attachment":[{"href":"https:\/\/www.yungayino.cl\/noticias\/index.php?rest_route=%2Fwp%2Fv2%2Fmedia&parent=9010"}],"wp:term":[{"taxonomy":"category","embeddable":true,"href":"https:\/\/www.yungayino.cl\/noticias\/index.php?rest_route=%2Fwp%2Fv2%2Fcategories&post=9010"},{"taxonomy":"post_tag","embeddable":true,"href":"https:\/\/www.yungayino.cl\/noticias\/index.php?rest_route=%2Fwp%2Fv2%2Ftags&post=9010"}],"curies":[{"name":"wp","href":"https:\/\/api.w.org\/{rel}","templated":true}]}}