{"id":9014,"date":"2013-02-13T10:00:49","date_gmt":"2013-02-13T14:00:49","guid":{"rendered":"http:\/\/www.yungayino.cl\/noticias\/?p=9014"},"modified":"2013-02-13T13:02:39","modified_gmt":"2013-02-13T17:02:39","slug":"se-dio-inicio-a-la-feria-costumbrista-2013-en-yungay","status":"publish","type":"post","link":"https:\/\/www.yungayino.cl\/noticias\/?p=9014","title":{"rendered":"Se Dio Inicio a la Feria Costumbrista 2013 en Yungay"},"content":{"rendered":"<p><img loading=\"lazy\" decoding=\"async\" alt=\"YUNGAYINO.CL - - El Portal de Yungay\" src=\"http:\/\/www.yungayino.cl\/imagenes\/20130212feria.jpg\" width=\"500\" height=\"200\" \/><\/p>\n<p><span style=\"font-size: small; font-family: arial,helvetica,sans-serif;\">Yungay\u00a0 martes 12 de febrero, se dio inicio a la primera noche de la Feria Costumbrista en su d\u00e9cima primera versi\u00f3n, la cu\u00e1l cont\u00f3 con la animaci\u00f3n de Yanet Navarrete y Mario Salinas. En esta primera jornada se realiz\u00f3 un show art\u00edstico donde participaron el Conjunto Folcl\u00f3rico de nuestra comuna Mapuketran, para luego disfrutar del Huaso de Canta Rana y finalizar con el Conjunto Sembradores de Tagua Tagua. Tambi\u00e9n los cientos de personas recorrieron los stand que ofrec\u00edan artesan\u00eda, muebles, chocolates, jugos, licores, manualidades y m\u00e1s, adem\u00e1s de las cociner\u00edas instaladas, las cuales atendieron al p\u00fablico con las ricas empanadas, pastel de choclo, humitas, etc. Cabe recordar que todos los d\u00edas habr\u00e1 show art\u00edstico a partir de las 21:30 horas.<\/span><\/p>\n<p><a href=\"http:\/\/www.facebook.com\/media\/set\/?set=a.598836760131367.150234.159561284058919&amp;type=1\"><span style=\"font-size: small; font-family: arial,helvetica,sans-serif;\">Fotograf\u00edas<\/span><\/a><\/p>\n","protected":false},"excerpt":{"rendered":"<p>Yungay\u00a0 martes 12 de febrero, se dio inicio a la primera noche de la Feria Costumbrista en su d\u00e9cima primera versi\u00f3n, la cu\u00e1l cont\u00f3 con la animaci\u00f3n de Yanet Navarrete y Mario Salinas. En&#46;&#46;&#46;<\/p>\n","protected":false},"author":2,"featured_media":16166,"comment_status":"open","ping_status":"open","sticky":false,"template":"","format":"standard","meta":{"footnotes":""},"categories":[1,15],"tags":[625,24,624,1115,626,8,6],"class_list":["post-9014","post","type-post","status-publish","format-standard","has-post-thumbnail","hentry","category-noticias","category-turismo","tag-el-huaso-de-canta-rana","tag-feria-costumbrista","tag-mapuketran","tag-noticias","tag-sembradores-de-tagua-tagua","tag-yungay","tag-yungayino"],"_links":{"self":[{"href":"https:\/\/www.yungayino.cl\/noticias\/index.php?rest_route=\/wp\/v2\/posts\/9014","targetHints":{"allow":["GET"]}}],"collection":[{"href":"https:\/\/www.yungayino.cl\/noticias\/index.php?rest_route=\/wp\/v2\/posts"}],"about":[{"href":"https:\/\/www.yungayino.cl\/noticias\/index.php?rest_route=\/wp\/v2\/types\/post"}],"author":[{"embeddable":true,"href":"https:\/\/www.yungayino.cl\/noticias\/index.php?rest_route=\/wp\/v2\/users\/2"}],"replies":[{"embeddable":true,"href":"https:\/\/www.yungayino.cl\/noticias\/index.php?rest_route=%2Fwp%2Fv2%2Fcomments&post=9014"}],"version-history":[{"count":3,"href":"https:\/\/www.yungayino.cl\/noticias\/index.php?rest_route=\/wp\/v2\/posts\/9014\/revisions"}],"predecessor-version":[{"id":9017,"href":"https:\/\/www.yungayino.cl\/noticias\/index.php?rest_route=\/wp\/v2\/posts\/9014\/revisions\/9017"}],"wp:featuredmedia":[{"embeddable":true,"href":"https:\/\/www.yungayino.cl\/noticias\/index.php?rest_route=\/wp\/v2\/media\/16166"}],"wp:attachment":[{"href":"https:\/\/www.yungayino.cl\/noticias\/index.php?rest_route=%2Fwp%2Fv2%2Fmedia&parent=9014"}],"wp:term":[{"taxonomy":"category","embeddable":true,"href":"https:\/\/www.yungayino.cl\/noticias\/index.php?rest_route=%2Fwp%2Fv2%2Fcategories&post=9014"},{"taxonomy":"post_tag","embeddable":true,"href":"https:\/\/www.yungayino.cl\/noticias\/index.php?rest_route=%2Fwp%2Fv2%2Ftags&post=9014"}],"curies":[{"name":"wp","href":"https:\/\/api.w.org\/{rel}","templated":true}]}}