{"id":9029,"date":"2013-02-14T10:00:02","date_gmt":"2013-02-14T14:00:02","guid":{"rendered":"http:\/\/www.yungayino.cl\/noticias\/?p=9029"},"modified":"2013-02-14T17:59:43","modified_gmt":"2013-02-14T21:59:43","slug":"dj-mendez-se-presento-en-semana-pemucana-2013","status":"publish","type":"post","link":"https:\/\/www.yungayino.cl\/noticias\/?p=9029","title":{"rendered":"DJ M\u00e9ndez se Present\u00f3 en Semana Pemucana 2013"},"content":{"rendered":"<p><img loading=\"lazy\" decoding=\"async\" alt=\"YUNGAYINO.CL - - El Portal de Yungay\" src=\"http:\/\/www.yungayino.cl\/imagenes\/djmendez2013.jpg\" width=\"500\" height=\"200\" \/><\/p>\n<p><span style=\"font-size: small; font-family: arial,helvetica,sans-serif;\">Pemuco, todo un \u00e9xito resulto la presentaci\u00f3n de Dj M\u00e9ndez\u00a0 este martes 12 de febrero en la Semana Pemucana 2013 organizada por la Municipalidad. El int\u00e9rprete de \u201cEstocolmo\u201d y \u201cLady\u201d subi\u00f3 al escenario instalado especialmente para la ocasi\u00f3n en el Estadio Municipal con un show especial para los pemucanos y todos sus fans de la provincia y la regi\u00f3n, quienes llegaron en gran cantidad y disfrutaron bailando y cantando todos su \u00e9xitos. Finalmente se\u00f1alar que la jornada cont\u00f3 con la presencia de la alcaldesa Jacqueline Gui\u00f1ez , qui\u00e9n reitero la invitaci\u00f3n a toda la comunidad Pemucana y visitantes a disfrutar de la \u201cSemana Pemucana 2013\u201d.<\/span><\/p>\n<p><span style=\"font-size: small; font-family: arial,helvetica,sans-serif;\"><a href=\"http:\/\/www.facebook.com\/media\/set\/?set=a.599406013407775.150307.159561284058919&amp;type=1\">Fotograf\u00edas<\/a><\/span><\/p>\n","protected":false},"excerpt":{"rendered":"<p>Pemuco, todo un \u00e9xito resulto la presentaci\u00f3n de Dj M\u00e9ndez\u00a0 este martes 12 de febrero en la Semana Pemucana 2013 organizada por la Municipalidad. El int\u00e9rprete de \u201cEstocolmo\u201d y \u201cLady\u201d subi\u00f3 al escenario instalado&#46;&#46;&#46;<\/p>\n","protected":false},"author":2,"featured_media":16169,"comment_status":"open","ping_status":"open","sticky":false,"template":"","format":"standard","meta":{"footnotes":""},"categories":[5,1],"tags":[629,1115,30,618,8,6],"class_list":["post-9029","post","type-post","status-publish","format-standard","has-post-thumbnail","hentry","category-eventos","category-noticias","tag-dj-mendez","tag-noticias","tag-pemuco","tag-semana-pemucana-2013","tag-yungay","tag-yungayino"],"_links":{"self":[{"href":"https:\/\/www.yungayino.cl\/noticias\/index.php?rest_route=\/wp\/v2\/posts\/9029","targetHints":{"allow":["GET"]}}],"collection":[{"href":"https:\/\/www.yungayino.cl\/noticias\/index.php?rest_route=\/wp\/v2\/posts"}],"about":[{"href":"https:\/\/www.yungayino.cl\/noticias\/index.php?rest_route=\/wp\/v2\/types\/post"}],"author":[{"embeddable":true,"href":"https:\/\/www.yungayino.cl\/noticias\/index.php?rest_route=\/wp\/v2\/users\/2"}],"replies":[{"embeddable":true,"href":"https:\/\/www.yungayino.cl\/noticias\/index.php?rest_route=%2Fwp%2Fv2%2Fcomments&post=9029"}],"version-history":[{"count":3,"href":"https:\/\/www.yungayino.cl\/noticias\/index.php?rest_route=\/wp\/v2\/posts\/9029\/revisions"}],"predecessor-version":[{"id":9042,"href":"https:\/\/www.yungayino.cl\/noticias\/index.php?rest_route=\/wp\/v2\/posts\/9029\/revisions\/9042"}],"wp:featuredmedia":[{"embeddable":true,"href":"https:\/\/www.yungayino.cl\/noticias\/index.php?rest_route=\/wp\/v2\/media\/16169"}],"wp:attachment":[{"href":"https:\/\/www.yungayino.cl\/noticias\/index.php?rest_route=%2Fwp%2Fv2%2Fmedia&parent=9029"}],"wp:term":[{"taxonomy":"category","embeddable":true,"href":"https:\/\/www.yungayino.cl\/noticias\/index.php?rest_route=%2Fwp%2Fv2%2Fcategories&post=9029"},{"taxonomy":"post_tag","embeddable":true,"href":"https:\/\/www.yungayino.cl\/noticias\/index.php?rest_route=%2Fwp%2Fv2%2Ftags&post=9029"}],"curies":[{"name":"wp","href":"https:\/\/api.w.org\/{rel}","templated":true}]}}